{"id":122670,"date":"2019-10-02T09:32:13","date_gmt":"2019-10-02T12:32:13","guid":{"rendered":"http:\/\/www.caririemacao.com\/1\/?p=122670"},"modified":"2019-10-02T09:41:42","modified_gmt":"2019-10-02T12:41:42","slug":"bastidores-rafaela-camaraense-esta-na-agulha-para-assumir-e-devera-dividir-espacos-com-buba-no-governo","status":"publish","type":"post","link":"https:\/\/www.caririemacao.com\/1\/2019\/10\/02\/bastidores-rafaela-camaraense-esta-na-agulha-para-assumir-e-devera-dividir-espacos-com-buba-no-governo\/","title":{"rendered":"Bastidores: Rafaela Camaraense est\u00e1 na agulha para assumir e dever\u00e1 dividir espa\u00e7os com Buba no governo"},"content":{"rendered":"\n<p>\u00a0Existem informa\u00e7\u00f5es quentinhas, dando conta que a suplente de deputada estadual, Rafaela Camaraense est\u00e1 na agulha para assumir o mandato na Assembleia Legislativa, nos pr\u00f3ximos dias. A fonte detalhou ainda que a parlamentar que tem bases no Curimata\u00fa e Serid\u00f3, dever\u00e1 disputar espa\u00e7os no Governo do Estado com o deputado estadual, Buba Germano.<\/p>\n\n\n\n<p>Quem poder\u00e1 abrir vaga para Rafaela Camaraense \u00e9 o deputado estadual Chi\u00f3, que foi visto em almo\u00e7o reservado com o secret\u00e1rio Chefe do Governo, Edvaldo Rosas.<\/p>\n\n\n\n<p>O deputado estadual Buba Germano assinou a lista que resultou na ren\u00fancias dos membros do Diret\u00f3rio Estadual do PSB, e que culminou na autodissolu\u00e7\u00e3o da Executiva da Para\u00edba.<\/p>\n\n\n\n<p>Blog Bruno Lira<\/p>\n","protected":false},"excerpt":{"rendered":"<p>\u00a0Existem informa\u00e7\u00f5es quentinhas, dando conta que a suplente de deputada estadual, Rafaela Camaraense est\u00e1 na agulha para assumir o mandato na Assembleia Legislativa, nos pr\u00f3ximos&hellip; <\/p>\n","protected":false},"author":1,"featured_media":122673,"comment_status":"closed","ping_status":"closed","sticky":false,"template":"","format":"standard","meta":{"sfsi_plus_gutenberg_text_before_share":"","sfsi_plus_gutenberg_show_text_before_share":"","sfsi_plus_gutenberg_icon_type":"","sfsi_plus_gutenberg_icon_alignemt":"","sfsi_plus_gutenburg_max_per_row":"","footnotes":""},"categories":[2],"tags":[],"class_list":["post-122670","post","type-post","status-publish","format-standard","has-post-thumbnail","hentry","category-geral"],"_links":{"self":[{"href":"https:\/\/www.caririemacao.com\/1\/wp-json\/wp\/v2\/posts\/122670","targetHints":{"allow":["GET"]}}],"collection":[{"href":"https:\/\/www.caririemacao.com\/1\/wp-json\/wp\/v2\/posts"}],"about":[{"href":"https:\/\/www.caririemacao.com\/1\/wp-json\/wp\/v2\/types\/post"}],"author":[{"embeddable":true,"href":"https:\/\/www.caririemacao.com\/1\/wp-json\/wp\/v2\/users\/1"}],"replies":[{"embeddable":true,"href":"https:\/\/www.caririemacao.com\/1\/wp-json\/wp\/v2\/comments?post=122670"}],"version-history":[{"count":2,"href":"https:\/\/www.caririemacao.com\/1\/wp-json\/wp\/v2\/posts\/122670\/revisions"}],"predecessor-version":[{"id":122693,"href":"https:\/\/www.caririemacao.com\/1\/wp-json\/wp\/v2\/posts\/122670\/revisions\/122693"}],"wp:featuredmedia":[{"embeddable":true,"href":"https:\/\/www.caririemacao.com\/1\/wp-json\/wp\/v2\/media\/122673"}],"wp:attachment":[{"href":"https:\/\/www.caririemacao.com\/1\/wp-json\/wp\/v2\/media?parent=122670"}],"wp:term":[{"taxonomy":"category","embeddable":true,"href":"https:\/\/www.caririemacao.com\/1\/wp-json\/wp\/v2\/categories?post=122670"},{"taxonomy":"post_tag","embeddable":true,"href":"https:\/\/www.caririemacao.com\/1\/wp-json\/wp\/v2\/tags?post=122670"}],"curies":[{"name":"wp","href":"https:\/\/api.w.org\/{rel}","templated":true}]}}