{"id":122705,"date":"2019-10-02T10:38:52","date_gmt":"2019-10-02T13:38:52","guid":{"rendered":"http:\/\/www.caririemacao.com\/1\/?p=122705"},"modified":"2019-10-02T10:38:52","modified_gmt":"2019-10-02T13:38:52","slug":"estamos-fazendo-o-dever-de-casa-diz-bolsonaro-sobre-previdencia","status":"publish","type":"post","link":"https:\/\/www.caririemacao.com\/1\/2019\/10\/02\/estamos-fazendo-o-dever-de-casa-diz-bolsonaro-sobre-previdencia\/","title":{"rendered":"Estamos fazendo o dever de casa&#8221;, diz Bolsonaro sobre Previd\u00eancia"},"content":{"rendered":"\n<p>O presidente Jair Bolsonaro disse hoje (2) que a aprova\u00e7\u00e3o da&nbsp;<a href=\"http:\/\/agenciabrasil.ebc.com.br\/politica\/noticia\/2019-10\/plenario-do-senado-aprova-texto-base-da-reforma-da-previdencia\" target=\"_blank\" rel=\"noreferrer noopener\">reforma da Previd\u00eancia<\/a>&nbsp;\u00e9 uma maneira de dar um sinal que \u201cestamos fazendo o dever de casa\u201d para a retomada de investimentos e o equil\u00edbrio das contas p\u00fablicas do pa\u00eds. Ao deixar o Pal\u00e1cio da Alvorada, nesta manh\u00e3, Bolsonaro comentou a aprova\u00e7\u00e3o&nbsp;em primeiro turno, ontem (1\u00ba) no Senado, do texto-base da proposta de emenda \u00e0 Constitui\u00e7\u00e3o (PEC) que reforma as aposentadorias.<\/p>\n\n\n\n<p>De acordo com o presidente, \u00e9 uma \u201creforma necess\u00e1ria\u201d. \u201cN\u00e3o temos plano B, nem pra mim, nem pra ningu\u00e9m. Os outros governos tentaram fazer e n\u00e3o conseguiram\u201d, disse aos apoiadores que o aguardavam na sa\u00edda do Alvorada.<\/p>\n\n\n\n<p>Ap\u00f3s quatro horas de sess\u00e3o, o plen\u00e1rio do Senado aprovou a proposta por 56 votos a favor, 19 contra e nenhuma absten\u00e7\u00e3o. Eram necess\u00e1rios 49 votos, equivalentes a tr\u00eas quintos dos senadores mais um, para que a medida avan\u00e7asse.<\/p>\n\n\n\n<p>A&nbsp;<a href=\"http:\/\/agenciabrasil.ebc.com.br\/politica\/noticia\/2019-10\/alcolumbre-quer-votar-previdencia-em-segundo-turno-ate-dia-10\" target=\"_blank\" rel=\"noreferrer noopener\">PEC<\/a>&nbsp;ainda precisa ser aprovada em segundo turno para ser promulgada. A partir da\u00ed, as novas regras de aposentadoria, pens\u00f5es e aux\u00edlios passam a valer. A expectativa \u00e9 que isso aconte\u00e7a antes do dia 10 deste m\u00eas .<\/p>\n","protected":false},"excerpt":{"rendered":"<p>O presidente Jair Bolsonaro disse hoje (2) que a aprova\u00e7\u00e3o da&nbsp;reforma da Previd\u00eancia&nbsp;\u00e9 uma maneira de dar um sinal que \u201cestamos fazendo o dever de&hellip; <\/p>\n","protected":false},"author":1,"featured_media":119718,"comment_status":"closed","ping_status":"closed","sticky":false,"template":"","format":"standard","meta":{"sfsi_plus_gutenberg_text_before_share":"","sfsi_plus_gutenberg_show_text_before_share":"","sfsi_plus_gutenberg_icon_type":"","sfsi_plus_gutenberg_icon_alignemt":"","sfsi_plus_gutenburg_max_per_row":"","footnotes":""},"categories":[11],"tags":[],"class_list":["post-122705","post","type-post","status-publish","format-standard","has-post-thumbnail","hentry","category-politica"],"_links":{"self":[{"href":"https:\/\/www.caririemacao.com\/1\/wp-json\/wp\/v2\/posts\/122705","targetHints":{"allow":["GET"]}}],"collection":[{"href":"https:\/\/www.caririemacao.com\/1\/wp-json\/wp\/v2\/posts"}],"about":[{"href":"https:\/\/www.caririemacao.com\/1\/wp-json\/wp\/v2\/types\/post"}],"author":[{"embeddable":true,"href":"https:\/\/www.caririemacao.com\/1\/wp-json\/wp\/v2\/users\/1"}],"replies":[{"embeddable":true,"href":"https:\/\/www.caririemacao.com\/1\/wp-json\/wp\/v2\/comments?post=122705"}],"version-history":[{"count":1,"href":"https:\/\/www.caririemacao.com\/1\/wp-json\/wp\/v2\/posts\/122705\/revisions"}],"predecessor-version":[{"id":122707,"href":"https:\/\/www.caririemacao.com\/1\/wp-json\/wp\/v2\/posts\/122705\/revisions\/122707"}],"wp:featuredmedia":[{"embeddable":true,"href":"https:\/\/www.caririemacao.com\/1\/wp-json\/wp\/v2\/media\/119718"}],"wp:attachment":[{"href":"https:\/\/www.caririemacao.com\/1\/wp-json\/wp\/v2\/media?parent=122705"}],"wp:term":[{"taxonomy":"category","embeddable":true,"href":"https:\/\/www.caririemacao.com\/1\/wp-json\/wp\/v2\/categories?post=122705"},{"taxonomy":"post_tag","embeddable":true,"href":"https:\/\/www.caririemacao.com\/1\/wp-json\/wp\/v2\/tags?post=122705"}],"curies":[{"name":"wp","href":"https:\/\/api.w.org\/{rel}","templated":true}]}}