{"id":122714,"date":"2019-10-02T10:41:27","date_gmt":"2019-10-02T13:41:27","guid":{"rendered":"http:\/\/www.caririemacao.com\/1\/?p=122714"},"modified":"2019-10-02T10:41:27","modified_gmt":"2019-10-02T13:41:27","slug":"policia-civil-em-conjunto-com-a-energisa-realizam-acao-contra-o-furto-de-energia-no-cariri","status":"publish","type":"post","link":"https:\/\/www.caririemacao.com\/1\/2019\/10\/02\/policia-civil-em-conjunto-com-a-energisa-realizam-acao-contra-o-furto-de-energia-no-cariri\/","title":{"rendered":"Policia Civil em conjunto com a Energisa realizam a\u00e7\u00e3o contra o furto de energia no Cariri"},"content":{"rendered":"\n<div class=\"wp-block-image\"><figure class=\"aligncenter\"><img decoding=\"async\" data-src=\"http:\/\/deolhonocariri.com.br\/wp-content\/uploads\/2019\/10\/timthumb-3.jpg\" alt=\"\" class=\"wp-image-72477 lazyload\" src=\"data:image\/svg+xml;base64,PHN2ZyB3aWR0aD0iMSIgaGVpZ2h0PSIxIiB4bWxucz0iaHR0cDovL3d3dy53My5vcmcvMjAwMC9zdmciPjwvc3ZnPg==\" \/><\/figure><\/div>\n\n\n\n<p>Nesta ter\u00e7a-feira, 1\u00ba de outubro, a Energisa e Pol\u00edcia Civil realizaram uma grande a\u00e7\u00e3o de combate ao furto de energia na zona rural dos munic\u00edpios de Boqueir\u00e3o e Barra de Santana, na regi\u00e3o do Cariri paraibano. O alvo da a\u00e7\u00e3o foram unidades rurais com irriga\u00e7\u00e3o ligadas de forma clandestinas na rede da distribuidora e unidades com desvio na medi\u00e7\u00e3o configurando o crime de furto de energia. Ao todo, tr\u00eas unidades foram autuadas em flagrante nesta a\u00e7\u00e3o.<\/p>\n\n\n\n<div class=\"wp-block-image\"><figure class=\"alignright\"><img decoding=\"async\" data-src=\"http:\/\/deolhonocariri.com.br\/wp-content\/uploads\/2019\/10\/timthumb-1.jpg\" alt=\"\" class=\"wp-image-72478 lazyload\" src=\"data:image\/svg+xml;base64,PHN2ZyB3aWR0aD0iMSIgaGVpZ2h0PSIxIiB4bWxucz0iaHR0cDovL3d3dy53My5vcmcvMjAwMC9zdmciPjwvc3ZnPg==\" \/><\/figure><\/div>\n\n\n\n<p>A pol\u00edcia e as equipes da Energisa chegaram nos alvos, a partir de den\u00fancias e com dados do Centro de Intelig\u00eancia em Combate a Perdas da Energisa, no qual foram apontadas irriga\u00e7\u00f5es de grande porte com alto \u00edndice de energia desviada. \u201cEstima-se que em Boqueir\u00e3o e Barra de Santana a perda por furto de energia \u00e9 de aproximadamente 1,4 GWh, o que seria suficiente para abastecer, durante um m\u00eas, mais de 10 mil resid\u00eancias\u201d, comenta Felipe Costa, gerente de combate a perdas de energia.<\/p>\n\n\n\n<p>Al\u00e9m das equipes da Energisa e Pol\u00edcia Civil, a opera\u00e7\u00e3o contou com o apoio do Instituto de Pol\u00edcia Cientifica (IPC ) e foi coordenada pelos delegados Iasley Almeida e Patricia Pinheiro Ricarte,.<\/p>\n\n\n\n<p>O furto de energia \u00e9 crime, previsto no C\u00f3digo Penal, no art. 155 e art. 171, com pena de at\u00e9 cinco anos de reclus\u00e3o e multa. \u201cO furto de energia ocasiona preju\u00edzos n\u00e3o s\u00f3 para a concession\u00e1ria, mas principalmente ao consumidor que est\u00e1 em dia com o pagamento de suas contas, pois parte do preju\u00edzo suportado \u00e9 repassado aos seus consumidores, conforme indicado pelo \u00f3rg\u00e3o regulador, a Aneel\u201d, afirma Felipe Costa.<\/p>\n\n\n\n<p>Al\u00e9m do crime, o Governo do Estado deixa de arrecadar mais de R$ 35 milh\u00f5es por ano e a popula\u00e7\u00e3o perde com isso, uma vez que os valores poderiam ser revertidos em infraestrutura b\u00e1sica, como sa\u00fade e educa\u00e7\u00e3o.<\/p>\n\n\n\n<p>Denuncie o furto de energia. \u00c9 simples e sigiloso. Para isso, a Energisa disponibiliza diversos canais: telefone 0800 083 0196, site energisa.com.br, Ag\u00eancia de Atendimento e o aplicativo para smartphone Energisa On.<\/p>\n","protected":false},"excerpt":{"rendered":"<p>Nesta ter\u00e7a-feira, 1\u00ba de outubro, a Energisa e Pol\u00edcia Civil realizaram uma grande a\u00e7\u00e3o de combate ao furto de energia na zona rural dos munic\u00edpios&hellip; <\/p>\n","protected":false},"author":1,"featured_media":122716,"comment_status":"closed","ping_status":"closed","sticky":false,"template":"","format":"standard","meta":{"sfsi_plus_gutenberg_text_before_share":"","sfsi_plus_gutenberg_show_text_before_share":"","sfsi_plus_gutenberg_icon_type":"","sfsi_plus_gutenberg_icon_alignemt":"","sfsi_plus_gutenburg_max_per_row":"","footnotes":""},"categories":[12],"tags":[],"class_list":["post-122714","post","type-post","status-publish","format-standard","has-post-thumbnail","hentry","category-policia"],"_links":{"self":[{"href":"https:\/\/www.caririemacao.com\/1\/wp-json\/wp\/v2\/posts\/122714","targetHints":{"allow":["GET"]}}],"collection":[{"href":"https:\/\/www.caririemacao.com\/1\/wp-json\/wp\/v2\/posts"}],"about":[{"href":"https:\/\/www.caririemacao.com\/1\/wp-json\/wp\/v2\/types\/post"}],"author":[{"embeddable":true,"href":"https:\/\/www.caririemacao.com\/1\/wp-json\/wp\/v2\/users\/1"}],"replies":[{"embeddable":true,"href":"https:\/\/www.caririemacao.com\/1\/wp-json\/wp\/v2\/comments?post=122714"}],"version-history":[{"count":1,"href":"https:\/\/www.caririemacao.com\/1\/wp-json\/wp\/v2\/posts\/122714\/revisions"}],"predecessor-version":[{"id":122717,"href":"https:\/\/www.caririemacao.com\/1\/wp-json\/wp\/v2\/posts\/122714\/revisions\/122717"}],"wp:featuredmedia":[{"embeddable":true,"href":"https:\/\/www.caririemacao.com\/1\/wp-json\/wp\/v2\/media\/122716"}],"wp:attachment":[{"href":"https:\/\/www.caririemacao.com\/1\/wp-json\/wp\/v2\/media?parent=122714"}],"wp:term":[{"taxonomy":"category","embeddable":true,"href":"https:\/\/www.caririemacao.com\/1\/wp-json\/wp\/v2\/categories?post=122714"},{"taxonomy":"post_tag","embeddable":true,"href":"https:\/\/www.caririemacao.com\/1\/wp-json\/wp\/v2\/tags?post=122714"}],"curies":[{"name":"wp","href":"https:\/\/api.w.org\/{rel}","templated":true}]}}