{"id":122724,"date":"2019-10-02T10:43:36","date_gmt":"2019-10-02T13:43:36","guid":{"rendered":"http:\/\/www.caririemacao.com\/1\/?p=122724"},"modified":"2019-10-02T10:43:36","modified_gmt":"2019-10-02T13:43:36","slug":"tce-julga-contas-de-11-prefeituras-nesta-quarta-feira","status":"publish","type":"post","link":"https:\/\/www.caririemacao.com\/1\/2019\/10\/02\/tce-julga-contas-de-11-prefeituras-nesta-quarta-feira\/","title":{"rendered":"TCE julga contas de 11 prefeituras nesta quarta-feira"},"content":{"rendered":"\n<p>O Pleno do Tribunal de Contas da Para\u00edba se re\u00fane nesta quarta-feira (02), em sess\u00e3o ordin\u00e1ria, sob a presid\u00eancia do conselheiro Arn\u00f3bio Alves Viana, para apreciar uma pauta de julgamentos com 20 processos, entre os quais, as contas anuais dos munic\u00edpios de S\u00e3o Francisco, Cabaceiras, Bel\u00e9m do Brejo do Cruz, Cacimba de Areia, Bel\u00e9m, Soledade, Uira\u00fana e Lagoa, referentes ao exerc\u00edcio de 2018. Areial de 2017, Sobrado relativas a 2016, Bom Sucesso e Riach\u00e3o de 2015.Consta na pauta a presta\u00e7\u00e3o de contas da R\u00e1dio Tabajara \u2013 Superintend\u00eancia de Radiodifus\u00e3o, relativa a 2018, na gest\u00e3o de Maria Eduarda dos Santos.&nbsp;<\/p>\n","protected":false},"excerpt":{"rendered":"<p>O Pleno do Tribunal de Contas da Para\u00edba se re\u00fane nesta quarta-feira (02), em sess\u00e3o ordin\u00e1ria, sob a presid\u00eancia do conselheiro Arn\u00f3bio Alves Viana, para&hellip; <\/p>\n","protected":false},"author":1,"featured_media":122726,"comment_status":"closed","ping_status":"closed","sticky":false,"template":"","format":"standard","meta":{"sfsi_plus_gutenberg_text_before_share":"","sfsi_plus_gutenberg_show_text_before_share":"","sfsi_plus_gutenberg_icon_type":"","sfsi_plus_gutenberg_icon_alignemt":"","sfsi_plus_gutenburg_max_per_row":"","footnotes":""},"categories":[2],"tags":[],"class_list":["post-122724","post","type-post","status-publish","format-standard","has-post-thumbnail","hentry","category-geral"],"_links":{"self":[{"href":"https:\/\/www.caririemacao.com\/1\/wp-json\/wp\/v2\/posts\/122724","targetHints":{"allow":["GET"]}}],"collection":[{"href":"https:\/\/www.caririemacao.com\/1\/wp-json\/wp\/v2\/posts"}],"about":[{"href":"https:\/\/www.caririemacao.com\/1\/wp-json\/wp\/v2\/types\/post"}],"author":[{"embeddable":true,"href":"https:\/\/www.caririemacao.com\/1\/wp-json\/wp\/v2\/users\/1"}],"replies":[{"embeddable":true,"href":"https:\/\/www.caririemacao.com\/1\/wp-json\/wp\/v2\/comments?post=122724"}],"version-history":[{"count":1,"href":"https:\/\/www.caririemacao.com\/1\/wp-json\/wp\/v2\/posts\/122724\/revisions"}],"predecessor-version":[{"id":122727,"href":"https:\/\/www.caririemacao.com\/1\/wp-json\/wp\/v2\/posts\/122724\/revisions\/122727"}],"wp:featuredmedia":[{"embeddable":true,"href":"https:\/\/www.caririemacao.com\/1\/wp-json\/wp\/v2\/media\/122726"}],"wp:attachment":[{"href":"https:\/\/www.caririemacao.com\/1\/wp-json\/wp\/v2\/media?parent=122724"}],"wp:term":[{"taxonomy":"category","embeddable":true,"href":"https:\/\/www.caririemacao.com\/1\/wp-json\/wp\/v2\/categories?post=122724"},{"taxonomy":"post_tag","embeddable":true,"href":"https:\/\/www.caririemacao.com\/1\/wp-json\/wp\/v2\/tags?post=122724"}],"curies":[{"name":"wp","href":"https:\/\/api.w.org\/{rel}","templated":true}]}}