{"id":122736,"date":"2019-10-02T13:17:28","date_gmt":"2019-10-02T16:17:28","guid":{"rendered":"http:\/\/www.caririemacao.com\/1\/?p=122736"},"modified":"2019-10-02T13:17:28","modified_gmt":"2019-10-02T16:17:28","slug":"prefeitura-de-amparo-realizara-o-i-ciclo-itinerante-de-atendimento-nas-comunidades-rurais","status":"publish","type":"post","link":"https:\/\/www.caririemacao.com\/1\/2019\/10\/02\/prefeitura-de-amparo-realizara-o-i-ciclo-itinerante-de-atendimento-nas-comunidades-rurais\/","title":{"rendered":"Prefeitura de Amparo realizar\u00e1 o I Ciclo Itinerante de Atendimento nas comunidades Rurais"},"content":{"rendered":"\n<p>A Prefeitura de Amparo atrav\u00e9s das Secretarias Municipais de Sa\u00fade, Assist\u00eancia Social e Agricultura estar\u00e3o realizando o I Ciclo Itinerante de Atendimento.Todas as Comunidades Rurais de Amparo ir\u00e3o receber esses atendimentos em datas espec\u00edficas, a come\u00e7ar nessa quinta-feira (03).<br>Os Servi\u00e7os de Sa\u00fade s\u00e3o NASF\/Aten\u00e7\u00e3o B\u00e1sica (M\u00e9dico, enfermeiro, dentista e vacinadora), de Assist\u00eancia Social s\u00e3o Programas Sociais, Assistente Social e Psic\u00f3logo e de Agricultura s\u00e3o diversos servi\u00e7os ligados \u00e0 secretaria.<br>Confira as datas e locais de Atendimento:<br>03.10.19 &#8211; Pelel\u00ea + Pau Leite\/Mata\/Riacho do Cariri\/Cruz da Mo\u00e7a;17.10.19 &#8211; Po\u00e7o do boi + Nanico\/Cai\u00e7ara\/Po\u00e7o Escuro;30.10.19 &#8211; Serrote Agudo;14.11.19 &#8211; Olho D\u2019\u00c1gua + Olho D\u2019\u00c1gua dos Caboclos\/Ros\u00e1rio\/Jatob\u00e1 de Maria de Alfredo\/ Genuino;28.11.19 &#8211; Salgadinho + Amparinho\/Cacimba de Baixo.<\/p>\n\n\n\n<p>O principal foco desse Projeto \u00e9 ouvir de perto os apelos da popula\u00e7\u00e3o, al\u00e9m de levar atendimentos de sa\u00fade e oferta de v\u00e1rias a\u00e7\u00f5es e outros servi\u00e7os coordenados pelas Secretarias de Agricultura e Assist\u00eancia Social.<\/p>\n\n\n\n<p>Amparo Ligado<\/p>\n","protected":false},"excerpt":{"rendered":"<p>A Prefeitura de Amparo atrav\u00e9s das Secretarias Municipais de Sa\u00fade, Assist\u00eancia Social e Agricultura estar\u00e3o realizando o I Ciclo Itinerante de Atendimento.Todas as Comunidades Rurais&hellip; <\/p>\n","protected":false},"author":1,"featured_media":44137,"comment_status":"closed","ping_status":"closed","sticky":false,"template":"","format":"standard","meta":{"sfsi_plus_gutenberg_text_before_share":"","sfsi_plus_gutenberg_show_text_before_share":"","sfsi_plus_gutenberg_icon_type":"","sfsi_plus_gutenberg_icon_alignemt":"","sfsi_plus_gutenburg_max_per_row":"","footnotes":""},"categories":[6],"tags":[],"class_list":["post-122736","post","type-post","status-publish","format-standard","has-post-thumbnail","hentry","category-cidades"],"_links":{"self":[{"href":"https:\/\/www.caririemacao.com\/1\/wp-json\/wp\/v2\/posts\/122736","targetHints":{"allow":["GET"]}}],"collection":[{"href":"https:\/\/www.caririemacao.com\/1\/wp-json\/wp\/v2\/posts"}],"about":[{"href":"https:\/\/www.caririemacao.com\/1\/wp-json\/wp\/v2\/types\/post"}],"author":[{"embeddable":true,"href":"https:\/\/www.caririemacao.com\/1\/wp-json\/wp\/v2\/users\/1"}],"replies":[{"embeddable":true,"href":"https:\/\/www.caririemacao.com\/1\/wp-json\/wp\/v2\/comments?post=122736"}],"version-history":[{"count":1,"href":"https:\/\/www.caririemacao.com\/1\/wp-json\/wp\/v2\/posts\/122736\/revisions"}],"predecessor-version":[{"id":122738,"href":"https:\/\/www.caririemacao.com\/1\/wp-json\/wp\/v2\/posts\/122736\/revisions\/122738"}],"wp:featuredmedia":[{"embeddable":true,"href":"https:\/\/www.caririemacao.com\/1\/wp-json\/wp\/v2\/media\/44137"}],"wp:attachment":[{"href":"https:\/\/www.caririemacao.com\/1\/wp-json\/wp\/v2\/media?parent=122736"}],"wp:term":[{"taxonomy":"category","embeddable":true,"href":"https:\/\/www.caririemacao.com\/1\/wp-json\/wp\/v2\/categories?post=122736"},{"taxonomy":"post_tag","embeddable":true,"href":"https:\/\/www.caririemacao.com\/1\/wp-json\/wp\/v2\/tags?post=122736"}],"curies":[{"name":"wp","href":"https:\/\/api.w.org\/{rel}","templated":true}]}}