{"id":122753,"date":"2019-10-02T13:21:45","date_gmt":"2019-10-02T16:21:45","guid":{"rendered":"http:\/\/www.caririemacao.com\/1\/?p=122753"},"modified":"2019-10-02T13:21:45","modified_gmt":"2019-10-02T16:21:45","slug":"dia-do-idoso-sera-comemorado-em-monteiro-com-festa-a-fantasia-na-sexta","status":"publish","type":"post","link":"https:\/\/www.caririemacao.com\/1\/2019\/10\/02\/dia-do-idoso-sera-comemorado-em-monteiro-com-festa-a-fantasia-na-sexta\/","title":{"rendered":"Dia do Idoso ser\u00e1 comemorado em Monteiro com festa a fantasia na sexta"},"content":{"rendered":"\n<p>Para comemorar a alegria da melhor idade, a administra\u00e7\u00e3o municipal de Monteiro realizar\u00e1 na pr\u00f3xima sexta-feira, 04, Baile dos Anos 60.<br>A festa preparada pela Secretaria de Desenvolvimento Social, em comemora\u00e7\u00e3o ao Dia do Idoso acontece na Pra\u00e7a Jo\u00e3o Pessoa a partir das 19:30 e segundo a secret\u00e1ria da pasta, Rosa Aleixo, tudo est\u00e1 sendo feito com todo carinho e completa:&nbsp;<br>\u201cComemoraremos com muita musica e alegria no Baile dos Anos 60. Todo mundo pode participar, se quiser, vista-se a car\u00e1ter, se n\u00e3o, apensa venha prestigiar, dan\u00e7ar e se divertir conosco\u201d.<br>Assim como realizado em todos os anos, a comemora\u00e7\u00e3o promete muita dan\u00e7a, jogos e uma boa intera\u00e7\u00e3o dos idosos que fazem parte do Servi\u00e7o de Conviv\u00eancia e Fortalecimento de V\u00ednculos.<\/p>\n","protected":false},"excerpt":{"rendered":"<p>Para comemorar a alegria da melhor idade, a administra\u00e7\u00e3o municipal de Monteiro realizar\u00e1 na pr\u00f3xima sexta-feira, 04, Baile dos Anos 60.A festa preparada pela Secretaria&hellip; <\/p>\n","protected":false},"author":1,"featured_media":122755,"comment_status":"closed","ping_status":"closed","sticky":false,"template":"","format":"standard","meta":{"sfsi_plus_gutenberg_text_before_share":"","sfsi_plus_gutenberg_show_text_before_share":"","sfsi_plus_gutenberg_icon_type":"","sfsi_plus_gutenberg_icon_alignemt":"","sfsi_plus_gutenburg_max_per_row":"","footnotes":""},"categories":[6],"tags":[],"class_list":["post-122753","post","type-post","status-publish","format-standard","has-post-thumbnail","hentry","category-cidades"],"_links":{"self":[{"href":"https:\/\/www.caririemacao.com\/1\/wp-json\/wp\/v2\/posts\/122753","targetHints":{"allow":["GET"]}}],"collection":[{"href":"https:\/\/www.caririemacao.com\/1\/wp-json\/wp\/v2\/posts"}],"about":[{"href":"https:\/\/www.caririemacao.com\/1\/wp-json\/wp\/v2\/types\/post"}],"author":[{"embeddable":true,"href":"https:\/\/www.caririemacao.com\/1\/wp-json\/wp\/v2\/users\/1"}],"replies":[{"embeddable":true,"href":"https:\/\/www.caririemacao.com\/1\/wp-json\/wp\/v2\/comments?post=122753"}],"version-history":[{"count":1,"href":"https:\/\/www.caririemacao.com\/1\/wp-json\/wp\/v2\/posts\/122753\/revisions"}],"predecessor-version":[{"id":122756,"href":"https:\/\/www.caririemacao.com\/1\/wp-json\/wp\/v2\/posts\/122753\/revisions\/122756"}],"wp:featuredmedia":[{"embeddable":true,"href":"https:\/\/www.caririemacao.com\/1\/wp-json\/wp\/v2\/media\/122755"}],"wp:attachment":[{"href":"https:\/\/www.caririemacao.com\/1\/wp-json\/wp\/v2\/media?parent=122753"}],"wp:term":[{"taxonomy":"category","embeddable":true,"href":"https:\/\/www.caririemacao.com\/1\/wp-json\/wp\/v2\/categories?post=122753"},{"taxonomy":"post_tag","embeddable":true,"href":"https:\/\/www.caririemacao.com\/1\/wp-json\/wp\/v2\/tags?post=122753"}],"curies":[{"name":"wp","href":"https:\/\/api.w.org\/{rel}","templated":true}]}}