{"id":122761,"date":"2019-10-02T13:26:09","date_gmt":"2019-10-02T16:26:09","guid":{"rendered":"http:\/\/www.caririemacao.com\/1\/?p=122761"},"modified":"2019-10-02T13:26:09","modified_gmt":"2019-10-02T16:26:09","slug":"governo-lanca-agronordeste-plano-para-alavancar-desenvolvimento-da-agropecuaria-regiao-do-cariri-sera-beneficiada","status":"publish","type":"post","link":"https:\/\/www.caririemacao.com\/1\/2019\/10\/02\/governo-lanca-agronordeste-plano-para-alavancar-desenvolvimento-da-agropecuaria-regiao-do-cariri-sera-beneficiada\/","title":{"rendered":"Governo lan\u00e7a AgroNordeste, plano para alavancar desenvolvimento da agropecu\u00e1ria; regi\u00e3o do Cariri ser\u00e1 beneficiada"},"content":{"rendered":"\n<p>O presidente&nbsp;Jair Bolsonaro&nbsp;lan\u00e7ou na tarde desta ter\u00e7a-feira (1\/10), o&nbsp;Plano AgroNordeste, que visa impulsionar o desenvolvimento econ\u00f4mico e social sustent\u00e1vel do meio rural da regi\u00e3o. O programa \u00e9 uma parceria com o&nbsp;Minist\u00e9rio da Agricultura, Pecu\u00e1ria e Abastecimento (MAPA) e ser\u00e1 implantado no bi\u00eanio 2019\/2020 em 230 munic\u00edpios dos nove estados do&nbsp;Nordeste, al\u00e9m de&nbsp;Minas Gerais, divididos em 12 territ\u00f3rios, com uma popula\u00e7\u00e3o rural de 1,7 milh\u00e3o de pessoas. At\u00e9 2021, a previs\u00e3o \u00e9 de que o programa chegue a 30 territ\u00f3rios.<\/p>\n\n\n\n<p>A ministra da pasta,&nbsp;Tereza Cristina, participou da solenidade que ocorreu no Pal\u00e1cio do Planalto. O AgroNordeste \u00e9 voltado para pequenos e m\u00e9dios produtores que j\u00e1 comercializam parte da produ\u00e7\u00e3o, mas ainda encontram dificuldades para expandir o neg\u00f3cio e gerar mais renda e emprego na regi\u00e3o onde vivem. Os 12 territ\u00f3rios abrangem 410 mil estabelecimentos. Segundo a pasta, foram identificadas cadeias produtivas com potencial de crescimento de arroz, leite, mel, frutas, ovinos, crust\u00e1ceos, caprinos, mandioca, feij\u00e3o, tomate, cebola e cacha\u00e7a.<\/p>\n\n\n\n<p>A meta do programa \u00e9 incrementar a renda dos produtores entre 20% e 50% no m\u00e9dio prazo. Cada territ\u00f3rio ter\u00e1 pelo menos um munic\u00edpio-polo, que ser\u00e1 definido em fun\u00e7\u00e3o do melhor local para execu\u00e7\u00e3o do projeto. No polo ser\u00e1 implantado o Escrit\u00f3rio Local de Opera\u00e7\u00f5es (ELO), que reunir\u00e1 representantes do Minist\u00e9rio da Agricultura e das entidades parceiras na execu\u00e7\u00e3o do AgroNordeste.<\/p>\n\n\n\n<p>Os 12 territ\u00f3rios da etapa 2019\/2020 s\u00e3o: M\u00e9dio Mearim (MA), Alto M\u00e9dio Canind\u00e9 (PI), Sert\u00f5es do Crate\u00fas e Inhamuns (CE), Vale do Jaguaribe (CE), Vale do A\u00e7u (RN), Cariri Para\u00edba (PB) e Moxot\u00f3 (PE), Araripina (PE), Batalha (AL), Sergipana do S\u00e3o Francisco (SE), Irec\u00ea e Jacobina (BA), Janu\u00e1ria (MG) e Salinas (MG).<\/p>\n\n\n\n<p>Na escolha dos territ\u00f3rios, foi levado em conta o clima, o solo, os recursos naturais, a situa\u00e7\u00e3o agr\u00e1ria, agropecu\u00e1ria, de infraestrutura e socioecon\u00f4mica das localidades. Os munic\u00edpios t\u00eam popula\u00e7\u00e3o de at\u00e9 1% do estado. Tamb\u00e9m foram considerados os resultados de a\u00e7\u00f5es anteriores ou em curso do Minist\u00e9rio da Agricultura ou dos parceiros e o potencial de resposta dos produtores rurais \u00e0s interven\u00e7\u00f5es.<\/p>\n\n\n\n<p>O AgroNordeste ser\u00e1 desenvolvido pelo Mapa, em parceria com \u00f3rg\u00e3os vinculados \u00e0 pasta e institui\u00e7\u00f5es como Confedera\u00e7\u00e3o da Agricultura e Pecu\u00e1ria do Brasil (CNA)\/Servi\u00e7o Nacional de Aprendizagem Rural (Senar),&nbsp; o Servi\u00e7o Brasileiro de Apoio \u00e0s Micro e Pequenas Empresas (Sebrae), a Organiza\u00e7\u00e3o das Cooperativas Brasileiras (OCB), a Ag\u00eancia Nacional de Energia El\u00e9trica (Aneel), o Banco do Nordeste (BNB) e o Banco do Brasil.<\/p>\n\n\n\n<p><em>Com Correio Braziliense&nbsp;<\/em><\/p>\n","protected":false},"excerpt":{"rendered":"<p>O presidente&nbsp;Jair Bolsonaro&nbsp;lan\u00e7ou na tarde desta ter\u00e7a-feira (1\/10), o&nbsp;Plano AgroNordeste, que visa impulsionar o desenvolvimento econ\u00f4mico e social sustent\u00e1vel do meio rural da regi\u00e3o. O&hellip; <\/p>\n","protected":false},"author":1,"featured_media":122763,"comment_status":"closed","ping_status":"closed","sticky":false,"template":"","format":"standard","meta":{"sfsi_plus_gutenberg_text_before_share":"","sfsi_plus_gutenberg_show_text_before_share":"","sfsi_plus_gutenberg_icon_type":"","sfsi_plus_gutenberg_icon_alignemt":"","sfsi_plus_gutenburg_max_per_row":"","footnotes":""},"categories":[11],"tags":[],"class_list":["post-122761","post","type-post","status-publish","format-standard","has-post-thumbnail","hentry","category-politica"],"_links":{"self":[{"href":"https:\/\/www.caririemacao.com\/1\/wp-json\/wp\/v2\/posts\/122761","targetHints":{"allow":["GET"]}}],"collection":[{"href":"https:\/\/www.caririemacao.com\/1\/wp-json\/wp\/v2\/posts"}],"about":[{"href":"https:\/\/www.caririemacao.com\/1\/wp-json\/wp\/v2\/types\/post"}],"author":[{"embeddable":true,"href":"https:\/\/www.caririemacao.com\/1\/wp-json\/wp\/v2\/users\/1"}],"replies":[{"embeddable":true,"href":"https:\/\/www.caririemacao.com\/1\/wp-json\/wp\/v2\/comments?post=122761"}],"version-history":[{"count":1,"href":"https:\/\/www.caririemacao.com\/1\/wp-json\/wp\/v2\/posts\/122761\/revisions"}],"predecessor-version":[{"id":122764,"href":"https:\/\/www.caririemacao.com\/1\/wp-json\/wp\/v2\/posts\/122761\/revisions\/122764"}],"wp:featuredmedia":[{"embeddable":true,"href":"https:\/\/www.caririemacao.com\/1\/wp-json\/wp\/v2\/media\/122763"}],"wp:attachment":[{"href":"https:\/\/www.caririemacao.com\/1\/wp-json\/wp\/v2\/media?parent=122761"}],"wp:term":[{"taxonomy":"category","embeddable":true,"href":"https:\/\/www.caririemacao.com\/1\/wp-json\/wp\/v2\/categories?post=122761"},{"taxonomy":"post_tag","embeddable":true,"href":"https:\/\/www.caririemacao.com\/1\/wp-json\/wp\/v2\/tags?post=122761"}],"curies":[{"name":"wp","href":"https:\/\/api.w.org\/{rel}","templated":true}]}}