{"id":122777,"date":"2019-10-02T13:39:11","date_gmt":"2019-10-02T16:39:11","guid":{"rendered":"http:\/\/www.caririemacao.com\/1\/?p=122777"},"modified":"2019-10-02T13:39:11","modified_gmt":"2019-10-02T16:39:11","slug":"crise-joao-diz-que-psb-esta-se-desmanchando-por-autoritarismo","status":"publish","type":"post","link":"https:\/\/www.caririemacao.com\/1\/2019\/10\/02\/crise-joao-diz-que-psb-esta-se-desmanchando-por-autoritarismo\/","title":{"rendered":"Crise: Jo\u00e3o diz que PSB \u2018est\u00e1 se desmanchando\u2019 por autoritarismo"},"content":{"rendered":"\n<p>A ren\u00fancia coletiva do Diret\u00f3rio do PSB de Jo\u00e3o Pessoa \u00e9 uma consequ\u00eancia da interven\u00e7\u00e3o na legenda em n\u00edvel estadual. Essa \u00e9 a an\u00e1lise do governador Jo\u00e3o Azev\u00eado sobre a tempestade que atingiu a sigla e que pode faz\u00ea-la \u2018desmanchar\u2019 em breve, segundo o pr\u00f3prio gestor.<\/p>\n\n\n\n<p>O socialista voltou a criticar a forma como foi conduzida a mudan\u00e7a de comando na legenda: \u2018sem que houvesse di\u00e1logo\u2019. \u201cO partido est\u00e1 se desmanchando. As pessoas est\u00e3o saindo porque n\u00e3o concordaram com a forma autorit\u00e1ria e antidemocr\u00e1tica que foi feita a dissolu\u00e7\u00e3o\u201d, frisou Jo\u00e3o.<\/p>\n\n\n\n<p>Sobre a&nbsp;<a href=\"https:\/\/www.maispb.com.br\/415738\/diretorio-do-psb-em-joao-pessoa-faz-renuncia-coletiva-apos-queixas.html\">ren\u00fancia coletiva em Jo\u00e3o Pessoa<\/a>, Azev\u00eado pregou que isso \u00e9 consequ\u00eancia da decis\u00e3o tomada anteriormente. \u201cA forma como foi feita a dissolu\u00e7\u00e3o do diret\u00f3rio estadual est\u00e1 gerando essa quest\u00e3o. O PSB vai ter que encontrar a sua sa\u00edda e quem gerou o problema vai ter que encontrar o caminho para sair\u201d, continuou.<\/p>\n\n\n\n<p>J\u00e1 em rela\u00e7\u00e3o aos&nbsp;<a href=\"https:\/\/www.maispb.com.br\/415756\/buba-sobre-lista-do-psb-assinaria-30-vezes.html\">aliados que assinaram a lista para a interven\u00e7\u00e3o no PSB da Para\u00edba<\/a>, como o deputado Buba Germano e a secret\u00e1ria de Habita\u00e7\u00e3o Em\u00edlia Correia, o governador disse que respeita a decis\u00e3o, mas salientou que tudo tem consequ\u00eancia. \u201cEu tenho que respeitar a posi\u00e7\u00e3o das pessoas e n\u00e3o tenho nenhum tipo de problema com isso. Evidentemente que toda decis\u00e3o tem consequ\u00eancia. Essa decis\u00e3o que foi equivocada e est\u00e1 se demonstrando assim\u201d.<\/p>\n\n\n\n<figure><iframe width=\"590\" height=\"345\" data-src=\"https:\/\/www.youtube.com\/embed\/0LeT1H7IQbo?theme=light&amp;autohide=1&amp;showinfo=0;wmode=transparent;border=none;iv_load_policy=1;rel=0\" allowfullscreen=\"\" src=\"data:image\/svg+xml;base64,PHN2ZyB3aWR0aD0iMSIgaGVpZ2h0PSIxIiB4bWxucz0iaHR0cDovL3d3dy53My5vcmcvMjAwMC9zdmciPjwvc3ZnPg==\" class=\"lazyload\" data-load-mode=\"1\"><\/iframe><\/figure>\n\n\n\n<p><strong>MaisPB<\/strong><\/p>\n","protected":false},"excerpt":{"rendered":"<p>A ren\u00fancia coletiva do Diret\u00f3rio do PSB de Jo\u00e3o Pessoa \u00e9 uma consequ\u00eancia da interven\u00e7\u00e3o na legenda em n\u00edvel estadual. Essa \u00e9 a an\u00e1lise do&hellip; <\/p>\n","protected":false},"author":1,"featured_media":101120,"comment_status":"closed","ping_status":"closed","sticky":false,"template":"","format":"standard","meta":{"sfsi_plus_gutenberg_text_before_share":"","sfsi_plus_gutenberg_show_text_before_share":"","sfsi_plus_gutenberg_icon_type":"","sfsi_plus_gutenberg_icon_alignemt":"","sfsi_plus_gutenburg_max_per_row":"","footnotes":""},"categories":[11],"tags":[],"class_list":["post-122777","post","type-post","status-publish","format-standard","has-post-thumbnail","hentry","category-politica"],"_links":{"self":[{"href":"https:\/\/www.caririemacao.com\/1\/wp-json\/wp\/v2\/posts\/122777","targetHints":{"allow":["GET"]}}],"collection":[{"href":"https:\/\/www.caririemacao.com\/1\/wp-json\/wp\/v2\/posts"}],"about":[{"href":"https:\/\/www.caririemacao.com\/1\/wp-json\/wp\/v2\/types\/post"}],"author":[{"embeddable":true,"href":"https:\/\/www.caririemacao.com\/1\/wp-json\/wp\/v2\/users\/1"}],"replies":[{"embeddable":true,"href":"https:\/\/www.caririemacao.com\/1\/wp-json\/wp\/v2\/comments?post=122777"}],"version-history":[{"count":1,"href":"https:\/\/www.caririemacao.com\/1\/wp-json\/wp\/v2\/posts\/122777\/revisions"}],"predecessor-version":[{"id":122779,"href":"https:\/\/www.caririemacao.com\/1\/wp-json\/wp\/v2\/posts\/122777\/revisions\/122779"}],"wp:featuredmedia":[{"embeddable":true,"href":"https:\/\/www.caririemacao.com\/1\/wp-json\/wp\/v2\/media\/101120"}],"wp:attachment":[{"href":"https:\/\/www.caririemacao.com\/1\/wp-json\/wp\/v2\/media?parent=122777"}],"wp:term":[{"taxonomy":"category","embeddable":true,"href":"https:\/\/www.caririemacao.com\/1\/wp-json\/wp\/v2\/categories?post=122777"},{"taxonomy":"post_tag","embeddable":true,"href":"https:\/\/www.caririemacao.com\/1\/wp-json\/wp\/v2\/tags?post=122777"}],"curies":[{"name":"wp","href":"https:\/\/api.w.org\/{rel}","templated":true}]}}