{"id":122781,"date":"2019-10-02T13:42:44","date_gmt":"2019-10-02T16:42:44","guid":{"rendered":"http:\/\/www.caririemacao.com\/1\/?p=122781"},"modified":"2019-10-02T13:42:44","modified_gmt":"2019-10-02T16:42:44","slug":"veneziano-vital-se-pronuncia-nas-redes-sociais-contra-reforma-da-previdencia","status":"publish","type":"post","link":"https:\/\/www.caririemacao.com\/1\/2019\/10\/02\/veneziano-vital-se-pronuncia-nas-redes-sociais-contra-reforma-da-previdencia\/","title":{"rendered":"Veneziano Vital se pronuncia nas redes sociais contra Reforma da Previd\u00eancia"},"content":{"rendered":"\n<p>\u00danico senador paraibano a votar contra a Reforma da Previd\u00eancia no 1\u00ba turno, Veneziano Vital do R\u00eago voltou a se manifestar contra a proposta nas redes sociais. \u201cTenho a consci\u00eancia tranquila de que n\u00e3o fui um colaborador desta mudan\u00e7a equivocada\u201d, disse o senador em sua conta no Instagram.<\/p>\n\n\n\n<p>Ele tamb\u00e9m se manifestou em sua conta no Twitter, onde disse: \u201cVotei contra a Reforma da Previd\u00eancia porque tenho convictamente a convic\u00e7\u00e3o dos males que ela provocar\u00e1 sobre os mais sofridos brasileiros\u201d.<\/p>\n\n\n\n<p>Al\u00e9m disso, o senador ainda compartilhou no IGTV, um v\u00eddeo da TV Senado em que aparece defendendo seu posicionamento contra a Reforma (assista abaixo).<\/p>\n\n\n\n<p>At\u00e9 a publica\u00e7\u00e3o desta mat\u00e9ria, os senadores paraibanos Daniella Ribeiro (PP) e Jos\u00e9 Maranh\u00e3o (MDB), que votaram a favor da reforma, n\u00e3o tinham falado sobre o assunto nas redes sociais.<\/p>\n\n\n\n<figure class=\"wp-block-image\"><img decoding=\"async\" data-src=\"https:\/\/www.clickpb.com.br\/media\/filer_public\/fc\/06\/fc0602ff-e405-48da-be7a-fdf7288893f6\/tweet_veneziano.png\" alt=\"\" src=\"data:image\/svg+xml;base64,PHN2ZyB3aWR0aD0iMSIgaGVpZ2h0PSIxIiB4bWxucz0iaHR0cDovL3d3dy53My5vcmcvMjAwMC9zdmciPjwvc3ZnPg==\" class=\"lazyload\" \/><\/figure>\n\n\n\n<figure><iframe data-src=\"https:\/\/www.youtube.com\/embed\/h04CZcS_3JI\" allowfullscreen=\"\" width=\"560\" height=\"315\" src=\"data:image\/svg+xml;base64,PHN2ZyB3aWR0aD0iMSIgaGVpZ2h0PSIxIiB4bWxucz0iaHR0cDovL3d3dy53My5vcmcvMjAwMC9zdmciPjwvc3ZnPg==\" class=\"lazyload\" data-load-mode=\"1\"><\/iframe><\/figure>\n","protected":false},"excerpt":{"rendered":"<p>\u00danico senador paraibano a votar contra a Reforma da Previd\u00eancia no 1\u00ba turno, Veneziano Vital do R\u00eago voltou a se manifestar contra a proposta nas&hellip; <\/p>\n","protected":false},"author":1,"featured_media":119733,"comment_status":"closed","ping_status":"closed","sticky":false,"template":"","format":"standard","meta":{"sfsi_plus_gutenberg_text_before_share":"","sfsi_plus_gutenberg_show_text_before_share":"","sfsi_plus_gutenberg_icon_type":"","sfsi_plus_gutenberg_icon_alignemt":"","sfsi_plus_gutenburg_max_per_row":"","footnotes":""},"categories":[11],"tags":[],"class_list":["post-122781","post","type-post","status-publish","format-standard","has-post-thumbnail","hentry","category-politica"],"_links":{"self":[{"href":"https:\/\/www.caririemacao.com\/1\/wp-json\/wp\/v2\/posts\/122781","targetHints":{"allow":["GET"]}}],"collection":[{"href":"https:\/\/www.caririemacao.com\/1\/wp-json\/wp\/v2\/posts"}],"about":[{"href":"https:\/\/www.caririemacao.com\/1\/wp-json\/wp\/v2\/types\/post"}],"author":[{"embeddable":true,"href":"https:\/\/www.caririemacao.com\/1\/wp-json\/wp\/v2\/users\/1"}],"replies":[{"embeddable":true,"href":"https:\/\/www.caririemacao.com\/1\/wp-json\/wp\/v2\/comments?post=122781"}],"version-history":[{"count":1,"href":"https:\/\/www.caririemacao.com\/1\/wp-json\/wp\/v2\/posts\/122781\/revisions"}],"predecessor-version":[{"id":122784,"href":"https:\/\/www.caririemacao.com\/1\/wp-json\/wp\/v2\/posts\/122781\/revisions\/122784"}],"wp:featuredmedia":[{"embeddable":true,"href":"https:\/\/www.caririemacao.com\/1\/wp-json\/wp\/v2\/media\/119733"}],"wp:attachment":[{"href":"https:\/\/www.caririemacao.com\/1\/wp-json\/wp\/v2\/media?parent=122781"}],"wp:term":[{"taxonomy":"category","embeddable":true,"href":"https:\/\/www.caririemacao.com\/1\/wp-json\/wp\/v2\/categories?post=122781"},{"taxonomy":"post_tag","embeddable":true,"href":"https:\/\/www.caririemacao.com\/1\/wp-json\/wp\/v2\/tags?post=122781"}],"curies":[{"name":"wp","href":"https:\/\/api.w.org\/{rel}","templated":true}]}}