{"id":122789,"date":"2019-10-02T13:44:41","date_gmt":"2019-10-02T16:44:41","guid":{"rendered":"http:\/\/www.caririemacao.com\/1\/?p=122789"},"modified":"2019-10-02T13:44:41","modified_gmt":"2019-10-02T16:44:41","slug":"optantes-pelo-simples-nacional-com-divida-ativa-na-paraiba-serao-excluidos","status":"publish","type":"post","link":"https:\/\/www.caririemacao.com\/1\/2019\/10\/02\/optantes-pelo-simples-nacional-com-divida-ativa-na-paraiba-serao-excluidos\/","title":{"rendered":"Optantes pelo Simples Nacional com d\u00edvida ativa na Para\u00edba ser\u00e3o exclu\u00eddos"},"content":{"rendered":"\n<p>A Secretaria de Estado da Fazenda (Sefaz) iniciou nesta quarta-feira (2) o processo de exclus\u00e3o de empresas optantes do Simples Nacional, inclusive optantes SIMEI, que est\u00e3o com d\u00e9bitos inscritos na D\u00edvida Ativa do Estado da Para\u00edba. A Sefaz enviou notifica\u00e7\u00e3o de exclus\u00e3o de 1.667 empresas do Portal do Simples Nacional, por meio do Domic\u00edlio Tribut\u00e1rio Eletr\u00f4nico (DT-e).<\/p>\n\n\n\n<p>O prazo para consultar a notifica\u00e7\u00e3o ser\u00e1 de 45 dias, a partir de sua disponibiliza\u00e7\u00e3o no DTE-SN, sendo que a ci\u00eancia dada, por esta plataforma, \u00e9 considerada v\u00e1lida para todos os efeitos legais. Desde o dia 30 de setembro, a notifica\u00e7\u00e3o est\u00e1 dispon\u00edvel no DTE-SN.&nbsp;<\/p>\n\n\n\n<p>Ap\u00f3s tomar ci\u00eancia do Termo de Exclus\u00e3o, o contribuinte ter\u00e1 um prazo de 30 dias para a regulariza\u00e7\u00e3o dos d\u00e9bitos indicados na notifica\u00e7\u00e3o, que podem ser consultados na Reparti\u00e7\u00e3o Fiscal mais pr\u00f3xima do domic\u00edlio da empresa ou na&nbsp;<a href=\"https:\/\/www.sefaz.pb.gov.br\/servirtual\/tributos\/debitos\/debitos-lancados-em-divida-ativa\">SER virtual<\/a>.<\/p>\n\n\n\n<p>Caso a empresa regularize a totalidade dos d\u00e9bitos no prazo, ter\u00e1 a sua exclus\u00e3o do Simples Nacional automaticamente tornada sem efeito. J\u00e1 aquela que n\u00e3o efetuar a regulariza\u00e7\u00e3o dos d\u00e9bitos, no prazo de 30 dias contados da ci\u00eancia do Termo de Exclus\u00e3o, ser\u00e1 exclu\u00edda do Simples Nacional, com efeitos a partir do dia 1\u00ba de janeiro de 2020.<\/p>\n","protected":false},"excerpt":{"rendered":"<p>A Secretaria de Estado da Fazenda (Sefaz) iniciou nesta quarta-feira (2) o processo de exclus\u00e3o de empresas optantes do Simples Nacional, inclusive optantes SIMEI, que&hellip; <\/p>\n","protected":false},"author":1,"featured_media":122791,"comment_status":"closed","ping_status":"closed","sticky":false,"template":"","format":"standard","meta":{"sfsi_plus_gutenberg_text_before_share":"","sfsi_plus_gutenberg_show_text_before_share":"","sfsi_plus_gutenberg_icon_type":"","sfsi_plus_gutenberg_icon_alignemt":"","sfsi_plus_gutenburg_max_per_row":"","footnotes":""},"categories":[2],"tags":[],"class_list":["post-122789","post","type-post","status-publish","format-standard","has-post-thumbnail","hentry","category-geral"],"_links":{"self":[{"href":"https:\/\/www.caririemacao.com\/1\/wp-json\/wp\/v2\/posts\/122789","targetHints":{"allow":["GET"]}}],"collection":[{"href":"https:\/\/www.caririemacao.com\/1\/wp-json\/wp\/v2\/posts"}],"about":[{"href":"https:\/\/www.caririemacao.com\/1\/wp-json\/wp\/v2\/types\/post"}],"author":[{"embeddable":true,"href":"https:\/\/www.caririemacao.com\/1\/wp-json\/wp\/v2\/users\/1"}],"replies":[{"embeddable":true,"href":"https:\/\/www.caririemacao.com\/1\/wp-json\/wp\/v2\/comments?post=122789"}],"version-history":[{"count":1,"href":"https:\/\/www.caririemacao.com\/1\/wp-json\/wp\/v2\/posts\/122789\/revisions"}],"predecessor-version":[{"id":122792,"href":"https:\/\/www.caririemacao.com\/1\/wp-json\/wp\/v2\/posts\/122789\/revisions\/122792"}],"wp:featuredmedia":[{"embeddable":true,"href":"https:\/\/www.caririemacao.com\/1\/wp-json\/wp\/v2\/media\/122791"}],"wp:attachment":[{"href":"https:\/\/www.caririemacao.com\/1\/wp-json\/wp\/v2\/media?parent=122789"}],"wp:term":[{"taxonomy":"category","embeddable":true,"href":"https:\/\/www.caririemacao.com\/1\/wp-json\/wp\/v2\/categories?post=122789"},{"taxonomy":"post_tag","embeddable":true,"href":"https:\/\/www.caririemacao.com\/1\/wp-json\/wp\/v2\/tags?post=122789"}],"curies":[{"name":"wp","href":"https:\/\/api.w.org\/{rel}","templated":true}]}}