{"id":122813,"date":"2019-10-02T14:09:34","date_gmt":"2019-10-02T17:09:34","guid":{"rendered":"http:\/\/www.caririemacao.com\/1\/?p=122813"},"modified":"2019-10-02T14:09:34","modified_gmt":"2019-10-02T17:09:34","slug":"mec-divulga-resultados-preliminares-do-censo-escolar-2019","status":"publish","type":"post","link":"https:\/\/www.caririemacao.com\/1\/2019\/10\/02\/mec-divulga-resultados-preliminares-do-censo-escolar-2019\/","title":{"rendered":"MEC divulga resultados preliminares do Censo Escolar 2019"},"content":{"rendered":"\n<p>O Minist\u00e9rio da Educa\u00e7\u00e3o (MEC) divulgou&nbsp;hoje&nbsp;(2)&nbsp;os resultados preliminares do Censo Escolar da Educa\u00e7\u00e3o B\u00e1sica 2019. Os resultados podem ser conferidos no&nbsp;<a href=\"http:\/\/portal.inep.gov.br\/web\/guest\/resultados-e-resumos\" target=\"_blank\" rel=\"noreferrer noopener\">site do Instituto Nacional de Estudos e Pesquisas Educacionais An\u00edsio Teixeira<\/a>&nbsp;(Inep).&nbsp;Agora, os respons\u00e1veis pelas escolas p\u00fablicas t\u00eam at\u00e9&nbsp;31 de outubro&nbsp;para conferir, complementar e, se for necess\u00e1rio, corrigir as informa\u00e7\u00f5es publicadas.<\/p>\n\n\n\n<p>Ap\u00f3s a retifica\u00e7\u00e3o, caso necess\u00e1ria, n\u00e3o ser\u00e1 mais poss\u00edvel alterar os dados informados na Matr\u00edcula Inicial do Censo Escolar 2019, de acordo com o MEC. A divulga\u00e7\u00e3o dos resultados finais do Censo Escolar, das sinopses estat\u00edsticas, com todas as redes de ensino, de forma contextualizada, e com microdados p\u00fablicos&nbsp;<a href=\"http:\/\/agenciabrasil.ebc.com.br\/educacao\/noticia\/2019-03\/coleta-para-o-censo-escolar-2019-comeca-no-final-de-maio\" target=\"_blank\" rel=\"noreferrer noopener\">est\u00e1 prevista para o final&nbsp;de janeiro&nbsp;de 2020<\/a>.<\/p>\n\n\n\n<h2 class=\"wp-block-heading\">Censo Escolar<\/h2>\n\n\n\n<p>O Censo Escolar \u00e9 o principal instrumento de coleta de informa\u00e7\u00f5es da educa\u00e7\u00e3o b\u00e1sica e o mais importante levantamento estat\u00edstico educacional brasileiro nessa \u00e1rea. As matr\u00edculas e os dados escolares coletados servem de base para o repasse de recursos do governo federal e para o planejamento e divulga\u00e7\u00e3o de dados das avalia\u00e7\u00f5es realizadas pelo Inep.<\/p>\n\n\n\n<p>O Censo abrange as diferentes etapas e modalidades da educa\u00e7\u00e3o b\u00e1sica e profissional: o ensino regular &#8211; educa\u00e7\u00e3o infantil, ensino fundamental e m\u00e9dio; a educa\u00e7\u00e3o especial; a Educa\u00e7\u00e3o de Jovens e Adultos (EJA); e a educa\u00e7\u00e3o profissional, que abrange cursos t\u00e9cnicos e cursos de forma\u00e7\u00e3o inicial continuada ou qualifica\u00e7\u00e3o profissional.<\/p>\n","protected":false},"excerpt":{"rendered":"<p>O Minist\u00e9rio da Educa\u00e7\u00e3o (MEC) divulgou&nbsp;hoje&nbsp;(2)&nbsp;os resultados preliminares do Censo Escolar da Educa\u00e7\u00e3o B\u00e1sica 2019. Os resultados podem ser conferidos no&nbsp;site do Instituto Nacional de&hellip; <\/p>\n","protected":false},"author":1,"featured_media":12594,"comment_status":"closed","ping_status":"closed","sticky":false,"template":"","format":"standard","meta":{"sfsi_plus_gutenberg_text_before_share":"","sfsi_plus_gutenberg_show_text_before_share":"","sfsi_plus_gutenberg_icon_type":"","sfsi_plus_gutenberg_icon_alignemt":"","sfsi_plus_gutenburg_max_per_row":"","footnotes":""},"categories":[14],"tags":[],"class_list":["post-122813","post","type-post","status-publish","format-standard","has-post-thumbnail","hentry","category-educacao"],"_links":{"self":[{"href":"https:\/\/www.caririemacao.com\/1\/wp-json\/wp\/v2\/posts\/122813","targetHints":{"allow":["GET"]}}],"collection":[{"href":"https:\/\/www.caririemacao.com\/1\/wp-json\/wp\/v2\/posts"}],"about":[{"href":"https:\/\/www.caririemacao.com\/1\/wp-json\/wp\/v2\/types\/post"}],"author":[{"embeddable":true,"href":"https:\/\/www.caririemacao.com\/1\/wp-json\/wp\/v2\/users\/1"}],"replies":[{"embeddable":true,"href":"https:\/\/www.caririemacao.com\/1\/wp-json\/wp\/v2\/comments?post=122813"}],"version-history":[{"count":1,"href":"https:\/\/www.caririemacao.com\/1\/wp-json\/wp\/v2\/posts\/122813\/revisions"}],"predecessor-version":[{"id":122815,"href":"https:\/\/www.caririemacao.com\/1\/wp-json\/wp\/v2\/posts\/122813\/revisions\/122815"}],"wp:featuredmedia":[{"embeddable":true,"href":"https:\/\/www.caririemacao.com\/1\/wp-json\/wp\/v2\/media\/12594"}],"wp:attachment":[{"href":"https:\/\/www.caririemacao.com\/1\/wp-json\/wp\/v2\/media?parent=122813"}],"wp:term":[{"taxonomy":"category","embeddable":true,"href":"https:\/\/www.caririemacao.com\/1\/wp-json\/wp\/v2\/categories?post=122813"},{"taxonomy":"post_tag","embeddable":true,"href":"https:\/\/www.caririemacao.com\/1\/wp-json\/wp\/v2\/tags?post=122813"}],"curies":[{"name":"wp","href":"https:\/\/api.w.org\/{rel}","templated":true}]}}