{"id":122820,"date":"2019-10-02T14:11:34","date_gmt":"2019-10-02T17:11:34","guid":{"rendered":"http:\/\/www.caririemacao.com\/1\/?p=122820"},"modified":"2019-10-02T14:11:34","modified_gmt":"2019-10-02T17:11:34","slug":"aras-diz-que-pgr-priorizara-combate-intransigente-a-corrupcao","status":"publish","type":"post","link":"https:\/\/www.caririemacao.com\/1\/2019\/10\/02\/aras-diz-que-pgr-priorizara-combate-intransigente-a-corrupcao\/","title":{"rendered":"Aras diz que PGR priorizar\u00e1 combate \u201cintransigente \u00e0 corrup\u00e7\u00e3o&#8221;"},"content":{"rendered":"\n<p>O rec\u00e9m-empossado procurador-geral da Rep\u00fablica, Augusto Aras, disse hoje (2) que &#8220;n\u00e3o h\u00e1 poder do Estado que esteja imune ao Minist\u00e9rio P\u00fablico [MP]&#8221;, e que deve priorizar durante sua gest\u00e3o o combate \u201cintransigente \u00e0 corrup\u00e7\u00e3o\u201d.<\/p>\n\n\n\n<p>Em solenidade de posse na sede da Procuradoria-Geral da Rep\u00fablica (PGR), em Bras\u00edlia, Aras, dirigindo-se ao presidente Jair Bolsonaro, presente \u00e0 cerim\u00f4nia, disse que \u201ca sensibilidade e a experi\u00eancia pol\u00edtica de sua excel\u00eancia, senhor presidente, sugere na ordem de prioridade das a\u00e7\u00f5es do Minist\u00e9rio P\u00fablico o enfrentamento intransigente a corrup\u00e7\u00e3o\u201d.<\/p>\n\n\n\n<p>Antes, ele afirmou que o \u201cMinist\u00e9rio P\u00fablico recebeu da Assembleia Nacional Constituinte a miss\u00e3o de ser um dos vetores da nacionalidade, permeando sua atua\u00e7\u00e3o junto a todos os poderes e setores da sociedade\u201d. \u201cN\u00e3o h\u00e1 poder do Estado que esteja imune \u00e0 a\u00e7\u00e3o do Minist\u00e9rio P\u00fablico\u201d.<\/p>\n\n\n\n<p>Entre as opera\u00e7\u00f5es de combate \u00e0 corrup\u00e7\u00e3o, Aras citou nominalmente a Lava Jato, elogiando o ex-juiz Sergio Moro, tamb\u00e9m presente \u00e0 solenidade, antigo respons\u00e1vel por julgar os casos da opera\u00e7\u00e3o, mas que largou a incumb\u00eancia para assumir o Minist\u00e9rio da Justi\u00e7a e Seguran\u00e7a P\u00fablica do governo Bolsonaro.<\/p>\n\n\n\n<p>Em seu discurso, Aras mencionou ainda que a PGR, atendendo \u00e0s expectativas de Bolsonaro, que o nomeou, deve \u201cser um dos melhores instrumentos de desenvolvimento\u201d para a economia. O novo procurador-geral&nbsp; afirmou tamb\u00e9m n\u00e3o ser conceb\u00edvel um MP que seja \u201ccontr\u00e1rio a nossa cultura judaico-crist\u00e3 e omisso na defesa de nossas riquezas e de nossa gente\u201d.<\/p>\n\n\n\n<h2 class=\"wp-block-heading\">Bolsonaro<\/h2>\n\n\n\n<p>O presidente Jair Bolsonaro, disse que a escolha por Aras n\u00e3o foi f\u00e1cil diante dos nomes que se apresentaram e da qualifica\u00e7\u00e3o do quadro do MP. \u201cConversamos sim muitas vezes, algumas horas, sobre o que eu sonhava e o que vossa excel\u00eancia tamb\u00e9m sonhava\u201d.<\/p>\n\n\n\n<p>Bolsonaro fez ainda um apelo aos procuradores para que continuem atuando com independ\u00eancia, altivez e bons prop\u00f3sitos, mas que, se necess\u00e1rio, atuem numa corre\u00e7\u00e3o de rumos agora, antes de promover puni\u00e7\u00e3o futura de eventuais erros. \u201c\u00c9 importante investigar, fazer cumprir a lei, mas muitas vezes se n\u00f3s n\u00e3o estivermos num caminho n\u00e3o muito certo, que muita vezes estamos fazendo aquilo bem-intencionados, que possamos corrigir. Corrigir \u00e9 muito melhor que uma poss\u00edvel san\u00e7\u00e3o l\u00e1 na frente\u201d.<\/p>\n\n\n\n<h2 class=\"wp-block-heading\">Solenidade<\/h2>\n\n\n\n<p>Aras j\u00e1 havia sido empossado por Bolsonaro para um mandato de dois anos como&nbsp;<a href=\"http:\/\/agenciabrasil.ebc.com.br\/politica\/noticia\/2019-09\/augusto-aras-toma-posse-na-procuradoria-geral-da-republica\" target=\"_blank\" rel=\"noreferrer noopener\">procurador-geral da PGR<\/a>&nbsp;em 26 de setembro, em solenidade no Pal\u00e1cio do Planalto, e j\u00e1 atua no cargo desde ent\u00e3o. Nesta quarta (2), foi realizada uma nova cerim\u00f4nia formal na sede da procuradoria, em que autoridades e convidados cumprimentaram o novo chefe do Minist\u00e9rio P\u00fablico.<\/p>\n\n\n\n<p>\u00c0 noite, est\u00e1 previsto um jantar para 500 pessoas para marcar a ocasi\u00e3o, financiado por entidades de classe, entre elas a Associa\u00e7\u00e3o Nacional de Procuradores da Rep\u00fablica (ANPR), respons\u00e1vel por elaborar uma lista tr\u00edplice com nomes eleitos pela categoria para o cargo de PGR. O nome de Aras foi indicado por Bolsonaro em 5 de setembro, mas n\u00e3o fazia parte dessa lista. Por lei, o presidente da Rep\u00fablica n\u00e3o \u00e9 obrigado a indicar algu\u00e9m da lista.<\/p>\n\n\n\n<p>Nascido em Salvador em 1958, Aras \u00e9 mestre em direito econ\u00f4mico pela Universidade Federal da Bahia (UFBA) e doutor em direito constitucional pela Pontif\u00edcia Universidade Cat\u00f3lica de S\u00e3o Paulo (PUC-SP). Ele ingressou no Minist\u00e9rio P\u00fablico em 1987.<\/p>\n","protected":false},"excerpt":{"rendered":"<p>O rec\u00e9m-empossado procurador-geral da Rep\u00fablica, Augusto Aras, disse hoje (2) que &#8220;n\u00e3o h\u00e1 poder do Estado que esteja imune ao Minist\u00e9rio P\u00fablico [MP]&#8221;, e que&hellip; <\/p>\n","protected":false},"author":1,"featured_media":120277,"comment_status":"closed","ping_status":"closed","sticky":false,"template":"","format":"standard","meta":{"sfsi_plus_gutenberg_text_before_share":"","sfsi_plus_gutenberg_show_text_before_share":"","sfsi_plus_gutenberg_icon_type":"","sfsi_plus_gutenberg_icon_alignemt":"","sfsi_plus_gutenburg_max_per_row":"","footnotes":""},"categories":[11],"tags":[],"class_list":["post-122820","post","type-post","status-publish","format-standard","has-post-thumbnail","hentry","category-politica"],"_links":{"self":[{"href":"https:\/\/www.caririemacao.com\/1\/wp-json\/wp\/v2\/posts\/122820","targetHints":{"allow":["GET"]}}],"collection":[{"href":"https:\/\/www.caririemacao.com\/1\/wp-json\/wp\/v2\/posts"}],"about":[{"href":"https:\/\/www.caririemacao.com\/1\/wp-json\/wp\/v2\/types\/post"}],"author":[{"embeddable":true,"href":"https:\/\/www.caririemacao.com\/1\/wp-json\/wp\/v2\/users\/1"}],"replies":[{"embeddable":true,"href":"https:\/\/www.caririemacao.com\/1\/wp-json\/wp\/v2\/comments?post=122820"}],"version-history":[{"count":1,"href":"https:\/\/www.caririemacao.com\/1\/wp-json\/wp\/v2\/posts\/122820\/revisions"}],"predecessor-version":[{"id":122822,"href":"https:\/\/www.caririemacao.com\/1\/wp-json\/wp\/v2\/posts\/122820\/revisions\/122822"}],"wp:featuredmedia":[{"embeddable":true,"href":"https:\/\/www.caririemacao.com\/1\/wp-json\/wp\/v2\/media\/120277"}],"wp:attachment":[{"href":"https:\/\/www.caririemacao.com\/1\/wp-json\/wp\/v2\/media?parent=122820"}],"wp:term":[{"taxonomy":"category","embeddable":true,"href":"https:\/\/www.caririemacao.com\/1\/wp-json\/wp\/v2\/categories?post=122820"},{"taxonomy":"post_tag","embeddable":true,"href":"https:\/\/www.caririemacao.com\/1\/wp-json\/wp\/v2\/tags?post=122820"}],"curies":[{"name":"wp","href":"https:\/\/api.w.org\/{rel}","templated":true}]}}