{"id":122849,"date":"2019-10-02T16:49:38","date_gmt":"2019-10-02T19:49:38","guid":{"rendered":"http:\/\/www.caririemacao.com\/1\/?p=122849"},"modified":"2019-10-02T16:49:38","modified_gmt":"2019-10-02T19:49:38","slug":"lava-jato-desistiu-de-pedir-que-lula-pague-multa-para-sair-da-cadeia","status":"publish","type":"post","link":"https:\/\/www.caririemacao.com\/1\/2019\/10\/02\/lava-jato-desistiu-de-pedir-que-lula-pague-multa-para-sair-da-cadeia\/","title":{"rendered":"Lava Jato desistiu de pedir que Lula pague multa para sair da cadeia"},"content":{"rendered":"\n<p>No requerimento em que, no \u00faltimo dia 27, pediu a concess\u00e3o de pris\u00e3o semiaberta para o ex-presidente Luiz In\u00e1cio Lula da Silva, o Minist\u00e9rio P\u00fablico Federal abriu m\u00e3o de uma exig\u00eancia que fizera em manifesta\u00e7\u00e3o anterior ao tratar do caso do petista. No dia 2 de setembro, os procuradores da for\u00e7a-tarefa da Lava Jato em Curitiba deixaram expl\u00edcito que, para ter direito ao benef\u00edcio, Lula teria que quitar o pagamento da quantia determinada pelo Superior Tribunal de Justi\u00e7a em sua condena\u00e7\u00e3o (em valores atualizados, quase 5 milh\u00f5es de reais). Em documento protocolado na \u00e9poca, o MPF afirmou que a progress\u00e3o de regime s\u00f3 seria poss\u00edvel com \u201ca repara\u00e7\u00e3o do dano\u201d ou \u201cdevolu\u00e7\u00e3o do il\u00edcito\u201d.<\/p>\n\n\n\n<p>Na sexta-feira passada, por\u00e9m, os procuradores afirmaram \u00e0 Justi\u00e7a, que, como se tratava de execu\u00e7\u00e3o provis\u00f3ria da pena (Lula n\u00e3o foi condenado em \u00faltima inst\u00e2ncia), a \u201cgarantia integral \u00e0 repara\u00e7\u00e3o do dano e \u00e0 devolu\u00e7\u00e3o do il\u00edcito praticado\u201d era suficiente para \u201cautorizar a mudan\u00e7a a regime prisional mais brando\u201d. Ou seja, o pagamento n\u00e3o precisaria ser feito antes de o ex-presidente deixar a cela na Pol\u00edcia Federal. Em casos semelhantes ao de Lula, a for\u00e7a-tarefa tamb\u00e9m frisara que o ressarcimento de danos deveria ocorrer antes da progress\u00e3o de regime.<\/p>\n\n\n\n<p>Para o advogado Alamiro Velludo Salvador Netto, professor da USP (Universidade de S\u00e3o Paulo) e autor do livro Curso de Execu\u00e7\u00e3o Penal, os procuradores passaram a considerar que o bloqueio dos bens do ex-presidente \u2013 j\u00e1 determinado pela Justi\u00e7a \u2013 seria suficiente para permitir a pris\u00e3o semiaberta. \u201cNesta segunda manifesta\u00e7\u00e3o, o MPF deu uma interpreta\u00e7\u00e3o mais abrangente para o conceito de pagamento\u201d, disse.<\/p>\n\n\n\n<p>A decis\u00e3o, por\u00e9m, caber\u00e1 \u00e0 ju\u00edza Carolina Moura Lebbos, da 12\u00aa Vara Federal de Curitiba. Em despacho no \u00faltimo dia 23, ela citou que, nos casos de crimes contra a administra\u00e7\u00e3o p\u00fablica, n\u00e3o haveria a possibilidade de progress\u00e3o de regime sem o pagamento das obriga\u00e7\u00f5es determinadas pela Justi\u00e7a. Na segunda-feira 30, al\u00e9m de solicitar \u00e0 PF a certid\u00e3o de conduta de Lula na cadeia, Lebbos determinou que fosse juntado um \u201cc\u00e1lculo atualizado de pena\u201d.<\/p>\n\n\n\n<p>Para Salvador Netto, ela, neste ponto, referiu-se \u00e0 pena de pris\u00e3o imposta a Lula (para ter direito ao regime semiaberto, ele tem que completar um sexto da pena). De acordo com o professor da USP, nada impede que a ju\u00edza, depois de receber as informa\u00e7\u00f5es, determine que o ex-presidente fa\u00e7a o pagamento dos valores determinados pela Justi\u00e7a.<\/p>\n\n\n\n<p>Procurada por VEJA, a for\u00e7a-tarefa do MPF disse, por meio de sua assessoria, que j\u00e1 havia tratado do assunto no processo e que n\u00e3o voltaria a se manifestar.<\/p>\n","protected":false},"excerpt":{"rendered":"<p>No requerimento em que, no \u00faltimo dia 27, pediu a concess\u00e3o de pris\u00e3o semiaberta para o ex-presidente Luiz In\u00e1cio Lula da Silva, o Minist\u00e9rio P\u00fablico&hellip; <\/p>\n","protected":false},"author":1,"featured_media":90634,"comment_status":"closed","ping_status":"closed","sticky":false,"template":"","format":"standard","meta":{"sfsi_plus_gutenberg_text_before_share":"","sfsi_plus_gutenberg_show_text_before_share":"","sfsi_plus_gutenberg_icon_type":"","sfsi_plus_gutenberg_icon_alignemt":"","sfsi_plus_gutenburg_max_per_row":"","footnotes":""},"categories":[11],"tags":[],"class_list":["post-122849","post","type-post","status-publish","format-standard","has-post-thumbnail","hentry","category-politica"],"_links":{"self":[{"href":"https:\/\/www.caririemacao.com\/1\/wp-json\/wp\/v2\/posts\/122849","targetHints":{"allow":["GET"]}}],"collection":[{"href":"https:\/\/www.caririemacao.com\/1\/wp-json\/wp\/v2\/posts"}],"about":[{"href":"https:\/\/www.caririemacao.com\/1\/wp-json\/wp\/v2\/types\/post"}],"author":[{"embeddable":true,"href":"https:\/\/www.caririemacao.com\/1\/wp-json\/wp\/v2\/users\/1"}],"replies":[{"embeddable":true,"href":"https:\/\/www.caririemacao.com\/1\/wp-json\/wp\/v2\/comments?post=122849"}],"version-history":[{"count":1,"href":"https:\/\/www.caririemacao.com\/1\/wp-json\/wp\/v2\/posts\/122849\/revisions"}],"predecessor-version":[{"id":122851,"href":"https:\/\/www.caririemacao.com\/1\/wp-json\/wp\/v2\/posts\/122849\/revisions\/122851"}],"wp:featuredmedia":[{"embeddable":true,"href":"https:\/\/www.caririemacao.com\/1\/wp-json\/wp\/v2\/media\/90634"}],"wp:attachment":[{"href":"https:\/\/www.caririemacao.com\/1\/wp-json\/wp\/v2\/media?parent=122849"}],"wp:term":[{"taxonomy":"category","embeddable":true,"href":"https:\/\/www.caririemacao.com\/1\/wp-json\/wp\/v2\/categories?post=122849"},{"taxonomy":"post_tag","embeddable":true,"href":"https:\/\/www.caririemacao.com\/1\/wp-json\/wp\/v2\/tags?post=122849"}],"curies":[{"name":"wp","href":"https:\/\/api.w.org\/{rel}","templated":true}]}}