{"id":122858,"date":"2019-10-03T08:06:27","date_gmt":"2019-10-03T11:06:27","guid":{"rendered":"http:\/\/www.caririemacao.com\/1\/?p=122858"},"modified":"2019-10-03T08:06:27","modified_gmt":"2019-10-03T11:06:27","slug":"governador-qualifica-novas-organizacoes-sociais-para-atuarem-na-paraiba","status":"publish","type":"post","link":"https:\/\/www.caririemacao.com\/1\/2019\/10\/03\/governador-qualifica-novas-organizacoes-sociais-para-atuarem-na-paraiba\/","title":{"rendered":"Governador qualifica novas organiza\u00e7\u00f5es sociais para atuarem na Para\u00edba"},"content":{"rendered":"\n<p>O governador Jo\u00e3o Azev\u00eado qualificou&nbsp;novas organiza\u00e7\u00f5es sociais para atuarem na Para\u00edba. A qualifica\u00e7\u00e3o das empresas foi publicada no Di\u00e1rio Oficial desta quinta-feira (3).<\/p>\n\n\n\n<p>As organiza\u00e7\u00f5es ir\u00e3o administrar setores da sa\u00fade e educa\u00e7\u00e3o. S\u00e3o elas: a Controladoria-geral do Estado, a Secretaria de Estado da Sa\u00fade (SES), Secretaria de Estado da Educa\u00e7\u00e3o e da Ci\u00eancia e Tecnologia (SEECT), da Superintend\u00eancia de Coordena\u00e7\u00e3o e Supervis\u00e3o de Contratos de Gest\u00e3o e da Procuradoria-geral do Estado.&nbsp;<\/p>\n\n\n\n<p>O decreto entra em vigor a partir da publica\u00e7\u00e3o.<\/p>\n","protected":false},"excerpt":{"rendered":"<p>O governador Jo\u00e3o Azev\u00eado qualificou&nbsp;novas organiza\u00e7\u00f5es sociais para atuarem na Para\u00edba. A qualifica\u00e7\u00e3o das empresas foi publicada no Di\u00e1rio Oficial desta quinta-feira (3). As organiza\u00e7\u00f5es&hellip; <\/p>\n","protected":false},"author":1,"featured_media":119325,"comment_status":"closed","ping_status":"closed","sticky":false,"template":"","format":"standard","meta":{"sfsi_plus_gutenberg_text_before_share":"","sfsi_plus_gutenberg_show_text_before_share":"","sfsi_plus_gutenberg_icon_type":"","sfsi_plus_gutenberg_icon_alignemt":"","sfsi_plus_gutenburg_max_per_row":"","footnotes":""},"categories":[2],"tags":[],"class_list":["post-122858","post","type-post","status-publish","format-standard","has-post-thumbnail","hentry","category-geral"],"_links":{"self":[{"href":"https:\/\/www.caririemacao.com\/1\/wp-json\/wp\/v2\/posts\/122858","targetHints":{"allow":["GET"]}}],"collection":[{"href":"https:\/\/www.caririemacao.com\/1\/wp-json\/wp\/v2\/posts"}],"about":[{"href":"https:\/\/www.caririemacao.com\/1\/wp-json\/wp\/v2\/types\/post"}],"author":[{"embeddable":true,"href":"https:\/\/www.caririemacao.com\/1\/wp-json\/wp\/v2\/users\/1"}],"replies":[{"embeddable":true,"href":"https:\/\/www.caririemacao.com\/1\/wp-json\/wp\/v2\/comments?post=122858"}],"version-history":[{"count":1,"href":"https:\/\/www.caririemacao.com\/1\/wp-json\/wp\/v2\/posts\/122858\/revisions"}],"predecessor-version":[{"id":122860,"href":"https:\/\/www.caririemacao.com\/1\/wp-json\/wp\/v2\/posts\/122858\/revisions\/122860"}],"wp:featuredmedia":[{"embeddable":true,"href":"https:\/\/www.caririemacao.com\/1\/wp-json\/wp\/v2\/media\/119325"}],"wp:attachment":[{"href":"https:\/\/www.caririemacao.com\/1\/wp-json\/wp\/v2\/media?parent=122858"}],"wp:term":[{"taxonomy":"category","embeddable":true,"href":"https:\/\/www.caririemacao.com\/1\/wp-json\/wp\/v2\/categories?post=122858"},{"taxonomy":"post_tag","embeddable":true,"href":"https:\/\/www.caririemacao.com\/1\/wp-json\/wp\/v2\/tags?post=122858"}],"curies":[{"name":"wp","href":"https:\/\/api.w.org\/{rel}","templated":true}]}}