{"id":122869,"date":"2019-10-03T08:08:15","date_gmt":"2019-10-03T11:08:15","guid":{"rendered":"http:\/\/www.caririemacao.com\/1\/?p=122869"},"modified":"2019-10-03T08:08:15","modified_gmt":"2019-10-03T11:08:15","slug":"morre-ator-e-diretor-paraibano-roberto-cartaxo","status":"publish","type":"post","link":"https:\/\/www.caririemacao.com\/1\/2019\/10\/03\/morre-ator-e-diretor-paraibano-roberto-cartaxo\/","title":{"rendered":"Morre ator e diretor paraibano Roberto Cartaxo"},"content":{"rendered":"\n<p>Morreu no in\u00edcio da noite desta quarta-feira (2), o ator e diretor paraibano, Roberto Cartaxo. Roberto estava internado desde o dia 20 de setembro em um hospital de Jo\u00e3o Pessoa, por\u00e9m a causa da morte n\u00e3o foi divulgada.<\/p>\n\n\n\n<p>O corpo do ator est\u00e1 sendo velado na Morada Paz. A fam\u00edlia ainda n\u00e3o divulgou informa\u00e7\u00f5es sobre o sepultamento.&nbsp;<\/p>\n\n\n\n<p>Roberto Cartaxo era professor do curso de teatro da Funesc.&nbsp;Dirigiu in\u00fameros espet\u00e1culos, sendo o \u00faltimo \u201cJoanas do Brasil\u201d, um musical fruto da adapta\u00e7\u00e3o livre da pe\u00e7a do dramaturgo Paulo Pontes e do compositor Chico Buarque, \u2018Gota D\u2019\u00e1gua\u2019 que esteve em cartaz no fim de 2018.<\/p>\n","protected":false},"excerpt":{"rendered":"<p>Morreu no in\u00edcio da noite desta quarta-feira (2), o ator e diretor paraibano, Roberto Cartaxo. Roberto estava internado desde o dia 20 de setembro em&hellip; <\/p>\n","protected":false},"author":1,"featured_media":122871,"comment_status":"closed","ping_status":"closed","sticky":false,"template":"","format":"standard","meta":{"sfsi_plus_gutenberg_text_before_share":"","sfsi_plus_gutenberg_show_text_before_share":"","sfsi_plus_gutenberg_icon_type":"","sfsi_plus_gutenberg_icon_alignemt":"","sfsi_plus_gutenburg_max_per_row":"","footnotes":""},"categories":[2],"tags":[],"class_list":["post-122869","post","type-post","status-publish","format-standard","has-post-thumbnail","hentry","category-geral"],"_links":{"self":[{"href":"https:\/\/www.caririemacao.com\/1\/wp-json\/wp\/v2\/posts\/122869","targetHints":{"allow":["GET"]}}],"collection":[{"href":"https:\/\/www.caririemacao.com\/1\/wp-json\/wp\/v2\/posts"}],"about":[{"href":"https:\/\/www.caririemacao.com\/1\/wp-json\/wp\/v2\/types\/post"}],"author":[{"embeddable":true,"href":"https:\/\/www.caririemacao.com\/1\/wp-json\/wp\/v2\/users\/1"}],"replies":[{"embeddable":true,"href":"https:\/\/www.caririemacao.com\/1\/wp-json\/wp\/v2\/comments?post=122869"}],"version-history":[{"count":1,"href":"https:\/\/www.caririemacao.com\/1\/wp-json\/wp\/v2\/posts\/122869\/revisions"}],"predecessor-version":[{"id":122872,"href":"https:\/\/www.caririemacao.com\/1\/wp-json\/wp\/v2\/posts\/122869\/revisions\/122872"}],"wp:featuredmedia":[{"embeddable":true,"href":"https:\/\/www.caririemacao.com\/1\/wp-json\/wp\/v2\/media\/122871"}],"wp:attachment":[{"href":"https:\/\/www.caririemacao.com\/1\/wp-json\/wp\/v2\/media?parent=122869"}],"wp:term":[{"taxonomy":"category","embeddable":true,"href":"https:\/\/www.caririemacao.com\/1\/wp-json\/wp\/v2\/categories?post=122869"},{"taxonomy":"post_tag","embeddable":true,"href":"https:\/\/www.caririemacao.com\/1\/wp-json\/wp\/v2\/tags?post=122869"}],"curies":[{"name":"wp","href":"https:\/\/api.w.org\/{rel}","templated":true}]}}