{"id":122893,"date":"2019-10-03T08:31:00","date_gmt":"2019-10-03T11:31:00","guid":{"rendered":"http:\/\/www.caririemacao.com\/1\/?p=122893"},"modified":"2019-10-03T14:53:30","modified_gmt":"2019-10-03T17:53:30","slug":"paraiba-ja-registra-210-mortes-de-mulheres-por-cancer-de-mama","status":"publish","type":"post","link":"https:\/\/www.caririemacao.com\/1\/2019\/10\/03\/paraiba-ja-registra-210-mortes-de-mulheres-por-cancer-de-mama\/","title":{"rendered":"Para\u00edba j\u00e1 registra 210 mortes de mulheres por c\u00e2ncer de mama"},"content":{"rendered":"\n<p>Em 2019, j\u00e1 foram registrados 210 \u00f3bitos por c\u00e2ncer de mama e 85 \u00f3bitos por c\u00e2ncer de colo do \u00fatero na Para\u00edba. Os dados s\u00e3o da Secretaria de Sa\u00fade e revelam ainda que s\u00f3 no ano passado, foram 260 \u00f3bitos por c\u00e2ncer de mama e 147 \u00f3bitos por c\u00e2ncer de colo do \u00fatero. J\u00e1 em 2017, foram registradas 217 mortes por c\u00e2ncer de mama e 148 por c\u00e2ncer de colo do \u00fatero.&nbsp;<\/p>\n\n\n\n<p>Na Para\u00edba, estima-se que no bi\u00eanio 2018\/2019 ter\u00e3o 880 novos casos de c\u00e2ncer de mama e, desses, 240 ocorrer\u00e3o na capital. No que se refere ao c\u00e2ncer de colo do \u00fatero estima-se 370 novos casos para o Estado e 80 novos casos para a capital.<\/p>\n\n\n\n<p>De acordo com a m\u00e9dica Roseane Machado, diretora do Centro Especializado de Diagn\u00f3stico do C\u00e2ncer (CEDC) est\u00e3o dispon\u00edveis para atender a rede SUS 18 servi\u00e7os com mam\u00f3grafos, sendo 13 p\u00fablicos e cinco privados, conveniados com o Sistema \u00danico de Sa\u00fade. Os exames de mamografias s\u00e3o ofertados pelos munic\u00edpios.<\/p>\n\n\n\n<p>Ela ainda informou que o estado possui cerca de 304.415 mulheres na faixa et\u00e1ria de 50 a 69 anos, mas que abaixo dessa faixa et\u00e1ria as mamografias diagn\u00f3sticas s\u00e3o para os grupos com fatores de risco elevado para c\u00e2ncer de mama e que os exames de rastreamento no CEDC s\u00e3o realizados em mulheres a partir de 40 anos de idade.<\/p>\n","protected":false},"excerpt":{"rendered":"<p>Em 2019, j\u00e1 foram registrados 210 \u00f3bitos por c\u00e2ncer de mama e 85 \u00f3bitos por c\u00e2ncer de colo do \u00fatero na Para\u00edba. Os dados s\u00e3o&hellip; <\/p>\n","protected":false},"author":1,"featured_media":122895,"comment_status":"closed","ping_status":"closed","sticky":false,"template":"","format":"standard","meta":{"sfsi_plus_gutenberg_text_before_share":"","sfsi_plus_gutenberg_show_text_before_share":"","sfsi_plus_gutenberg_icon_type":"","sfsi_plus_gutenberg_icon_alignemt":"","sfsi_plus_gutenburg_max_per_row":"","footnotes":""},"categories":[16],"tags":[],"class_list":["post-122893","post","type-post","status-publish","format-standard","has-post-thumbnail","hentry","category-saude"],"_links":{"self":[{"href":"https:\/\/www.caririemacao.com\/1\/wp-json\/wp\/v2\/posts\/122893","targetHints":{"allow":["GET"]}}],"collection":[{"href":"https:\/\/www.caririemacao.com\/1\/wp-json\/wp\/v2\/posts"}],"about":[{"href":"https:\/\/www.caririemacao.com\/1\/wp-json\/wp\/v2\/types\/post"}],"author":[{"embeddable":true,"href":"https:\/\/www.caririemacao.com\/1\/wp-json\/wp\/v2\/users\/1"}],"replies":[{"embeddable":true,"href":"https:\/\/www.caririemacao.com\/1\/wp-json\/wp\/v2\/comments?post=122893"}],"version-history":[{"count":1,"href":"https:\/\/www.caririemacao.com\/1\/wp-json\/wp\/v2\/posts\/122893\/revisions"}],"predecessor-version":[{"id":122896,"href":"https:\/\/www.caririemacao.com\/1\/wp-json\/wp\/v2\/posts\/122893\/revisions\/122896"}],"wp:featuredmedia":[{"embeddable":true,"href":"https:\/\/www.caririemacao.com\/1\/wp-json\/wp\/v2\/media\/122895"}],"wp:attachment":[{"href":"https:\/\/www.caririemacao.com\/1\/wp-json\/wp\/v2\/media?parent=122893"}],"wp:term":[{"taxonomy":"category","embeddable":true,"href":"https:\/\/www.caririemacao.com\/1\/wp-json\/wp\/v2\/categories?post=122893"},{"taxonomy":"post_tag","embeddable":true,"href":"https:\/\/www.caririemacao.com\/1\/wp-json\/wp\/v2\/tags?post=122893"}],"curies":[{"name":"wp","href":"https:\/\/api.w.org\/{rel}","templated":true}]}}