{"id":122916,"date":"2019-10-03T08:34:30","date_gmt":"2019-10-03T11:34:30","guid":{"rendered":"http:\/\/www.caririemacao.com\/1\/?p=122916"},"modified":"2019-10-03T08:34:30","modified_gmt":"2019-10-03T11:34:30","slug":"uniao-europeia-pode-obrigar-facebook-a-apagar-publicacoes-difamatorias","status":"publish","type":"post","link":"https:\/\/www.caririemacao.com\/1\/2019\/10\/03\/uniao-europeia-pode-obrigar-facebook-a-apagar-publicacoes-difamatorias\/","title":{"rendered":"Uni\u00e3o Europeia pode obrigar Facebook a apagar publica\u00e7\u00f5es difamat\u00f3rias"},"content":{"rendered":"\n<p>O Tribunal de Justi\u00e7a da Uni\u00e3o Europeia (TJUE) decidiu hoje (3) n\u00e3o se opor a que um Estado-membro obrigue a rede social Facebook a apagar coment\u00e1rios difamat\u00f3rios, admitindo tamb\u00e9m que a medida &#8220;produza efeitos em escala mundial&#8221;.<\/p>\n\n\n\n<p>O caso diz respeito a uma deputada austr\u00edaca que viu a sua imagem difamada numa publica\u00e7\u00e3o feita no Facebook e foi remetido ao TJUE pelo Oberster Gerichtshof (Supremo Tribunal da \u00c1ustria) em mar\u00e7o de 2018.<\/p>\n\n\n\n<p>Segundo a decis\u00e3o publicada pelo TJUE, &#8220;o Direito da Uni\u00e3o n\u00e3o se op\u00f5e a que seja ordenado a um fornecedor de armazenamento como o Facebook que suprima coment\u00e1rios id\u00eanticos e, sob determinadas condi\u00e7\u00f5es, semelhantes a um coment\u00e1rio anteriormente declarado ilegal&#8221;.<\/p>\n\n\n\n<p>\u201cO Direito da Uni\u00e3o tamb\u00e9m n\u00e3o se op\u00f5e a que essa medida inibit\u00f3ria produza efeitos em escala mundial, no \u00e2mbito do direito internacional relevante que cabe aos Estados-membros ter em conta&#8221;, segundo o ac\u00f3rd\u00e3o, a que a ag\u00eancia de not\u00edcias Lusa teve acesso.<\/p>\n\n\n\n<p>Eva Glawischnig-Piesczek foi deputada no parlamento austr\u00edaco entre 2008 e 2017 pelos Verdes (die Gr\u00fcnen) e, durante esse per\u00edodo, instaurou uma a\u00e7\u00e3o contra o Facebook Irlanda nos \u00f3rg\u00e3os jurisdicionais austr\u00edacos pedindo que a plataforma apagasse uma publica\u00e7\u00e3o feita por um utilizador na sua p\u00e1gina pessoal.<\/p>\n\n\n\n<p>Nessa publica\u00e7\u00e3o, que \u00e9 p\u00fablica e ainda est\u00e1 dispon\u00edvel, o utilizador partilhou um resumo de um artigo publicado na revista austr\u00edaca online oe24TV, cujo t\u00edtulo era &#8220;Os Verdes: a favor da manuten\u00e7\u00e3o de um rendimento m\u00ednimo para os refugiados&#8221;.<\/p>\n\n\n\n<h2 class=\"wp-block-heading\">Foto de deputada<\/h2>\n\n\n\n<p>O utilizador partilhou, tamb\u00e9m, uma fotografia da deputada e teceu coment\u00e1rios que os \u00f3rg\u00e3os jurisdicionais austr\u00edacos declararam serem &#8220;suscet\u00edveis de ofender a honra&#8221; de Eva Glawischnig-Piesczek.<\/p>\n\n\n\n<p>Por isso, o Supremo Tribunal austr\u00edaco pediu ao TJUE que analisasse o caso no \u00e2mbito da diretiva europeia sobre com\u00e9rcio eletr\u00f4nico, que visa estabelecer um equil\u00edbrio entre os diferentes interesses desse setor.<\/p>\n\n\n\n<p>No ac\u00f3rd\u00e3o hoje conhecido, o Tribunal de Justi\u00e7a responde ao Oberster Gerichtshof indicando que n\u00e3o se op\u00f5e a que um \u00f3rg\u00e3o jurisdicional de um Estado- membro possa ordenar que plataformas como o Facebook &#8220;suprimam as informa\u00e7\u00f5es por si armazenadas, cujo conte\u00fado seja id\u00eantico ao de uma informa\u00e7\u00e3o declarada ilegal anteriormente ou que bloqueie o acesso \u00e0s mesmas, seja qual for o autor do pedido de armazenamento dessas informa\u00e7\u00f5es&#8221;.<\/p>\n\n\n\n<p>O mesmo tribunal n\u00e3o se op\u00f5e, ainda, a que &#8220;o fornecedor de armazenamento possa recorrer a t\u00e9cnicas e a meios de pesquisa automatizados&#8221; para encontrar essas mesmas informa\u00e7\u00f5es armazenadas, frisa o ac\u00f3rd\u00e3o.<\/p>\n","protected":false},"excerpt":{"rendered":"<p>O Tribunal de Justi\u00e7a da Uni\u00e3o Europeia (TJUE) decidiu hoje (3) n\u00e3o se opor a que um Estado-membro obrigue a rede social Facebook a apagar&hellip; <\/p>\n","protected":false},"author":1,"featured_media":60741,"comment_status":"closed","ping_status":"closed","sticky":false,"template":"","format":"standard","meta":{"sfsi_plus_gutenberg_text_before_share":"","sfsi_plus_gutenberg_show_text_before_share":"","sfsi_plus_gutenberg_icon_type":"","sfsi_plus_gutenberg_icon_alignemt":"","sfsi_plus_gutenburg_max_per_row":"","footnotes":""},"categories":[2],"tags":[],"class_list":["post-122916","post","type-post","status-publish","format-standard","has-post-thumbnail","hentry","category-geral"],"_links":{"self":[{"href":"https:\/\/www.caririemacao.com\/1\/wp-json\/wp\/v2\/posts\/122916","targetHints":{"allow":["GET"]}}],"collection":[{"href":"https:\/\/www.caririemacao.com\/1\/wp-json\/wp\/v2\/posts"}],"about":[{"href":"https:\/\/www.caririemacao.com\/1\/wp-json\/wp\/v2\/types\/post"}],"author":[{"embeddable":true,"href":"https:\/\/www.caririemacao.com\/1\/wp-json\/wp\/v2\/users\/1"}],"replies":[{"embeddable":true,"href":"https:\/\/www.caririemacao.com\/1\/wp-json\/wp\/v2\/comments?post=122916"}],"version-history":[{"count":1,"href":"https:\/\/www.caririemacao.com\/1\/wp-json\/wp\/v2\/posts\/122916\/revisions"}],"predecessor-version":[{"id":122918,"href":"https:\/\/www.caririemacao.com\/1\/wp-json\/wp\/v2\/posts\/122916\/revisions\/122918"}],"wp:featuredmedia":[{"embeddable":true,"href":"https:\/\/www.caririemacao.com\/1\/wp-json\/wp\/v2\/media\/60741"}],"wp:attachment":[{"href":"https:\/\/www.caririemacao.com\/1\/wp-json\/wp\/v2\/media?parent=122916"}],"wp:term":[{"taxonomy":"category","embeddable":true,"href":"https:\/\/www.caririemacao.com\/1\/wp-json\/wp\/v2\/categories?post=122916"},{"taxonomy":"post_tag","embeddable":true,"href":"https:\/\/www.caririemacao.com\/1\/wp-json\/wp\/v2\/tags?post=122916"}],"curies":[{"name":"wp","href":"https:\/\/api.w.org\/{rel}","templated":true}]}}