{"id":122991,"date":"2019-10-03T08:50:31","date_gmt":"2019-10-03T11:50:31","guid":{"rendered":"http:\/\/www.caririemacao.com\/1\/?p=122991"},"modified":"2019-10-03T08:50:31","modified_gmt":"2019-10-03T11:50:31","slug":"cec-educacional-oferece-cursos-em-parceria-com-o-senac-em-monteiro","status":"publish","type":"post","link":"https:\/\/www.caririemacao.com\/1\/2019\/10\/03\/cec-educacional-oferece-cursos-em-parceria-com-o-senac-em-monteiro\/","title":{"rendered":"CEC EDUCACIONAL oferece cursos em parceria com o SENAC em Monteiro"},"content":{"rendered":"\n<p>O CEC EDUCACIONAL, maior institui\u00e7\u00e3o de ensino da regi\u00e3o, est\u00e1 trazendo mais uma grande novidade para Monteiro.<br>O CEC em parceria com o SENAC est\u00e3o oferecendo Cursos de Aperfei\u00e7oamento totalmente gratuitos.<br>S\u00e3o cursos de:<br>&#x2714;Assist\u00eancia ao Idoso (60horas) &#8211; Idade M\u00ednima 18 anos]&#x2714;Estrat\u00e9gia em Vendas (40horas) &#8211; Idade M\u00ednima 16 anos&#x2714;Apresenta\u00e7\u00e3o, Comunica\u00e7\u00e3o e Atendimento (30horas) &#8211; Idade M\u00ednima 16 anos<br>As inscri\u00e7\u00f5es ser\u00e3o nos dias 16 e 17 de Outubro, no CEC Educacional das 08:00 \u00e0s 21:00. As aulas iniciar\u00e3o no dia 22 de Outubro no turno da noite.<br>Os alunos dever\u00e3o trazer os seguintes documentos no ato da inscri\u00e7\u00e3o:\u00b7&nbsp;&nbsp;&nbsp;&nbsp;&nbsp;&nbsp;&nbsp;&nbsp;C\u00f3pia do RG&nbsp;&nbsp;\u00b7&nbsp;&nbsp;&nbsp;&nbsp;&nbsp;&nbsp;&nbsp;&nbsp;C\u00f3pia do CPF\u00b7&nbsp;&nbsp;&nbsp;&nbsp;&nbsp;&nbsp;&nbsp;&nbsp;C\u00f3pia do Comprovante de Escolaridade&nbsp;&nbsp;\u00b7&nbsp;&nbsp;&nbsp;&nbsp;&nbsp;&nbsp;&nbsp;&nbsp;C\u00f3pia do Comprovante de Resid\u00eancia<br>Venha aproveitar mais esta oportunidade de se capacitar e se aperfei\u00e7oar profissionalmente para buscar sua posi\u00e7\u00e3o dentro do mercado de trabalho, com o apoio total do CEC EDUCACIONAL, a escola que eu quero estudar.<br>F\u00c1BIO BRITO<\/p>\n","protected":false},"excerpt":{"rendered":"<p>O CEC EDUCACIONAL, maior institui\u00e7\u00e3o de ensino da regi\u00e3o, est\u00e1 trazendo mais uma grande novidade para Monteiro.O CEC em parceria com o SENAC est\u00e3o oferecendo&hellip; <\/p>\n","protected":false},"author":1,"featured_media":122993,"comment_status":"closed","ping_status":"closed","sticky":false,"template":"","format":"standard","meta":{"sfsi_plus_gutenberg_text_before_share":"","sfsi_plus_gutenberg_show_text_before_share":"","sfsi_plus_gutenberg_icon_type":"","sfsi_plus_gutenberg_icon_alignemt":"","sfsi_plus_gutenburg_max_per_row":"","footnotes":""},"categories":[14],"tags":[],"class_list":["post-122991","post","type-post","status-publish","format-standard","has-post-thumbnail","hentry","category-educacao"],"_links":{"self":[{"href":"https:\/\/www.caririemacao.com\/1\/wp-json\/wp\/v2\/posts\/122991","targetHints":{"allow":["GET"]}}],"collection":[{"href":"https:\/\/www.caririemacao.com\/1\/wp-json\/wp\/v2\/posts"}],"about":[{"href":"https:\/\/www.caririemacao.com\/1\/wp-json\/wp\/v2\/types\/post"}],"author":[{"embeddable":true,"href":"https:\/\/www.caririemacao.com\/1\/wp-json\/wp\/v2\/users\/1"}],"replies":[{"embeddable":true,"href":"https:\/\/www.caririemacao.com\/1\/wp-json\/wp\/v2\/comments?post=122991"}],"version-history":[{"count":1,"href":"https:\/\/www.caririemacao.com\/1\/wp-json\/wp\/v2\/posts\/122991\/revisions"}],"predecessor-version":[{"id":122994,"href":"https:\/\/www.caririemacao.com\/1\/wp-json\/wp\/v2\/posts\/122991\/revisions\/122994"}],"wp:featuredmedia":[{"embeddable":true,"href":"https:\/\/www.caririemacao.com\/1\/wp-json\/wp\/v2\/media\/122993"}],"wp:attachment":[{"href":"https:\/\/www.caririemacao.com\/1\/wp-json\/wp\/v2\/media?parent=122991"}],"wp:term":[{"taxonomy":"category","embeddable":true,"href":"https:\/\/www.caririemacao.com\/1\/wp-json\/wp\/v2\/categories?post=122991"},{"taxonomy":"post_tag","embeddable":true,"href":"https:\/\/www.caririemacao.com\/1\/wp-json\/wp\/v2\/tags?post=122991"}],"curies":[{"name":"wp","href":"https:\/\/api.w.org\/{rel}","templated":true}]}}