{"id":123014,"date":"2019-10-03T08:57:10","date_gmt":"2019-10-03T11:57:10","guid":{"rendered":"http:\/\/www.caririemacao.com\/1\/?p=123014"},"modified":"2019-10-03T08:57:10","modified_gmt":"2019-10-03T11:57:10","slug":"quase-300-veiculos-roubados-sao-apreendidos-em-operacao-da-prf-na-pb-no-pi-e-mt","status":"publish","type":"post","link":"https:\/\/www.caririemacao.com\/1\/2019\/10\/03\/quase-300-veiculos-roubados-sao-apreendidos-em-operacao-da-prf-na-pb-no-pi-e-mt\/","title":{"rendered":"Quase 300 ve\u00edculos roubados s\u00e3o apreendidos em opera\u00e7\u00e3o da PRF na PB, no PI e MT"},"content":{"rendered":"\n<p>Quase 300 ve\u00edculos que haviam sido roubados foram recuperados e 166 pessoas foram presas pela Pol\u00edcia Rodovi\u00e1ria Federal (PRF), durante a quinta fase da Opera\u00e7\u00e3o Hircus, realizada simultaneamente na Para\u00edba, no Piau\u00ed e Mato Grosso, ao longo de sete dias. Uma coletiva de imprensa sobre a a\u00e7\u00e3o na Para\u00edba est\u00e1 marcada para esta quinta-feira (3).<\/p>\n\n\n\n<p>Os tr\u00eas estados foram escolhidos por serem locais em que a PRF identificou altos \u00edndices de furtos, roubos e adultera\u00e7\u00e3o de ve\u00edculos. Ao todo, 281 ve\u00edculos foram apreendidos.<\/p>\n\n\n\n<p>De acordo com o inspetor Jo\u00e3o Paulo Moura, durante a opera\u00e7\u00e3o a PRF analisou diversos fatores que identificam os ve\u00edculos, como pe\u00e7as e documentos. \u201cPra checar a originalidade desses itens, pra gente tentar identificar se o ve\u00edculo \u00e9 roubado ou se pelo menos algum agregado \u00e9 roubado\u201d, disse.<\/p>\n\n\n\n<p>No munic\u00edpio de Teixeira, no Sert\u00e3o paraibano, por exemplo, uma caminhonete com placa clonada foi apreendida. J\u00e1 em Ing\u00e1, no Agreste do estado, duas motos montadas com partes de v\u00e1rias outras foram encontradas pela PRF.<\/p>\n\n\n\n<p>O delegado de Pol\u00edcia Civil da cidade de Teixeira, Clenaldo Queiroz, explicou que os ve\u00edculos que estiverem regularizados devem ser entregues aos propriet\u00e1rios, enquanto os outros ser\u00e3o encaminhados para um dos p\u00e1tios da Pol\u00edcia Rodovi\u00e1ria Federal.<\/p>\n\n\n\n<p>O pr\u00f3ximo passo, segundo o inspetor Cristiano Mendon\u00e7a, \u00e9 investigar se quem comprou os ve\u00edculos sabia o produto era roubado. \u201cSe ele tivesse conhecimento que se tratava de algo il\u00edcito poder\u00e1 responder por recepta\u00e7\u00e3o, que prev\u00ea pena de um a quatro anos de reclus\u00e3o. E, caso ele n\u00e3o tenha conhecimento, se ele adquiriu de boa f\u00e9, poder\u00e1 responder por recepta\u00e7\u00e3o culposa que tem uma previs\u00e3o de um m\u00eas a um ano de deten\u00e7\u00e3o\u201d, afirmou.<\/p>\n\n\n\n<p>A opera\u00e7\u00e3o ocorreu por meio de uma integra\u00e7\u00e3o entre a Pol\u00edcia Rodovi\u00e1ria Federal e as secretarias de seguran\u00e7a de cada estado. O diretor de opera\u00e7\u00f5es da PRF, o inspetor Jo\u00e3o Francisco, destacou que fraudes que envolvem ve\u00edculos, como roubos e furtos, s\u00e3o importantes fontes de financiamento para o crime organizado.<\/p>\n\n\n\n<p><em><strong>Fonte: G1<\/strong><\/em><\/p>\n","protected":false},"excerpt":{"rendered":"<p>Quase 300 ve\u00edculos que haviam sido roubados foram recuperados e 166 pessoas foram presas pela Pol\u00edcia Rodovi\u00e1ria Federal (PRF), durante a quinta fase da Opera\u00e7\u00e3o&hellip; <\/p>\n","protected":false},"author":1,"featured_media":91100,"comment_status":"closed","ping_status":"closed","sticky":false,"template":"","format":"standard","meta":{"sfsi_plus_gutenberg_text_before_share":"","sfsi_plus_gutenberg_show_text_before_share":"","sfsi_plus_gutenberg_icon_type":"","sfsi_plus_gutenberg_icon_alignemt":"","sfsi_plus_gutenburg_max_per_row":"","footnotes":""},"categories":[12],"tags":[],"class_list":["post-123014","post","type-post","status-publish","format-standard","has-post-thumbnail","hentry","category-policia"],"_links":{"self":[{"href":"https:\/\/www.caririemacao.com\/1\/wp-json\/wp\/v2\/posts\/123014","targetHints":{"allow":["GET"]}}],"collection":[{"href":"https:\/\/www.caririemacao.com\/1\/wp-json\/wp\/v2\/posts"}],"about":[{"href":"https:\/\/www.caririemacao.com\/1\/wp-json\/wp\/v2\/types\/post"}],"author":[{"embeddable":true,"href":"https:\/\/www.caririemacao.com\/1\/wp-json\/wp\/v2\/users\/1"}],"replies":[{"embeddable":true,"href":"https:\/\/www.caririemacao.com\/1\/wp-json\/wp\/v2\/comments?post=123014"}],"version-history":[{"count":1,"href":"https:\/\/www.caririemacao.com\/1\/wp-json\/wp\/v2\/posts\/123014\/revisions"}],"predecessor-version":[{"id":123015,"href":"https:\/\/www.caririemacao.com\/1\/wp-json\/wp\/v2\/posts\/123014\/revisions\/123015"}],"wp:featuredmedia":[{"embeddable":true,"href":"https:\/\/www.caririemacao.com\/1\/wp-json\/wp\/v2\/media\/91100"}],"wp:attachment":[{"href":"https:\/\/www.caririemacao.com\/1\/wp-json\/wp\/v2\/media?parent=123014"}],"wp:term":[{"taxonomy":"category","embeddable":true,"href":"https:\/\/www.caririemacao.com\/1\/wp-json\/wp\/v2\/categories?post=123014"},{"taxonomy":"post_tag","embeddable":true,"href":"https:\/\/www.caririemacao.com\/1\/wp-json\/wp\/v2\/tags?post=123014"}],"curies":[{"name":"wp","href":"https:\/\/api.w.org\/{rel}","templated":true}]}}