{"id":123020,"date":"2019-10-03T09:00:32","date_gmt":"2019-10-03T12:00:32","guid":{"rendered":"http:\/\/www.caririemacao.com\/1\/?p=123020"},"modified":"2019-10-03T09:00:32","modified_gmt":"2019-10-03T12:00:32","slug":"sume-escola-goncala-rodrigues-realiza-culminancia-do-projeto-contanto-graficamente","status":"publish","type":"post","link":"https:\/\/www.caririemacao.com\/1\/2019\/10\/03\/sume-escola-goncala-rodrigues-realiza-culminancia-do-projeto-contanto-graficamente\/","title":{"rendered":"SUM\u00c9: Escola Gon\u00e7ala Rodrigues realiza culmin\u00e2ncia do Projeto Contanto Graficamente"},"content":{"rendered":"\n<p>Na \u00faltima sexta-feira (27), a Escola Gon\u00e7ala Rodrigues de Freitas em Sum\u00e9, realizou a culmin\u00e2ncia do projeto Contanto Graficamente a Escola, desenvolvido a 11 anos, que visa ajudar os alunos com dificuldades em matem\u00e1tica.<\/p>\n\n\n\n<p>O projeto foi criado pelo professor Naldinho Ara\u00fajo, de acordo com ele, o objetivo \u00e9 fazer com que estudantes aprendam a coletar dados, construir tabelas, gr\u00e1ficos de colunas e se habituar \u00e0 leitura gr\u00e1fica t\u00e3o em evid\u00eancia nos meios de comunica\u00e7\u00e3o, usando as m\u00eddias dispon\u00edveis na escola.<\/p>\n\n\n\n<div class=\"wp-block-image\"><figure class=\"aligncenter\"><a href=\"http:\/\/noticiasemdestaque.com\/cd\/wp-content\/uploads\/2019\/10\/IMG_7608.jpg\"><img decoding=\"async\" data-src=\"http:\/\/noticiasemdestaque.com\/cd\/wp-content\/uploads\/2019\/10\/IMG_7608.jpg\" alt=\"\" class=\"wp-image-20013 lazyload\" src=\"data:image\/svg+xml;base64,PHN2ZyB3aWR0aD0iMSIgaGVpZ2h0PSIxIiB4bWxucz0iaHR0cDovL3d3dy53My5vcmcvMjAwMC9zdmciPjwvc3ZnPg==\" \/><\/a><\/figure><\/div>\n\n\n\n<p>A abertura do evento contou com o recital de poesia com o poeta Alberto Batista, palestra com a professora Raquel Guenes (Licenciada em Biologia), palestra com o professor Zito J\u00fanior (Licenciado em Matem\u00e1tica) e apresenta\u00e7\u00e3o com o senhor Jos\u00e9 Ivanildo com o tema distribui\u00e7\u00e3o de mudas.<\/p>\n\n\n\n<div class=\"wp-block-image\"><figure class=\"aligncenter\"><a href=\"http:\/\/noticiasemdestaque.com\/cd\/wp-content\/uploads\/2019\/10\/IMG_7649.jpg\"><img decoding=\"async\" data-src=\"http:\/\/noticiasemdestaque.com\/cd\/wp-content\/uploads\/2019\/10\/IMG_7649.jpg\" alt=\"\" class=\"wp-image-20016 lazyload\" src=\"data:image\/svg+xml;base64,PHN2ZyB3aWR0aD0iMSIgaGVpZ2h0PSIxIiB4bWxucz0iaHR0cDovL3d3dy53My5vcmcvMjAwMC9zdmciPjwvc3ZnPg==\" \/><\/a><\/figure><\/div>\n\n\n\n<p>As atividades foram prestigiadas pelo prefeito \u00c9den Duarte, que aproveitou a oportunidade para parabenizar o coordenador do projeto, Naldinho Ara\u00fajo. \u00c9den destacou ainda, o empenho dos alunos na produ\u00e7\u00e3o das atividades.<\/p>\n","protected":false},"excerpt":{"rendered":"<p>Na \u00faltima sexta-feira (27), a Escola Gon\u00e7ala Rodrigues de Freitas em Sum\u00e9, realizou a culmin\u00e2ncia do projeto Contanto Graficamente a Escola, desenvolvido a 11 anos,&hellip; <\/p>\n","protected":false},"author":1,"featured_media":123023,"comment_status":"closed","ping_status":"closed","sticky":false,"template":"","format":"standard","meta":{"sfsi_plus_gutenberg_text_before_share":"","sfsi_plus_gutenberg_show_text_before_share":"","sfsi_plus_gutenberg_icon_type":"","sfsi_plus_gutenberg_icon_alignemt":"","sfsi_plus_gutenburg_max_per_row":"","footnotes":""},"categories":[14],"tags":[],"class_list":["post-123020","post","type-post","status-publish","format-standard","has-post-thumbnail","hentry","category-educacao"],"_links":{"self":[{"href":"https:\/\/www.caririemacao.com\/1\/wp-json\/wp\/v2\/posts\/123020","targetHints":{"allow":["GET"]}}],"collection":[{"href":"https:\/\/www.caririemacao.com\/1\/wp-json\/wp\/v2\/posts"}],"about":[{"href":"https:\/\/www.caririemacao.com\/1\/wp-json\/wp\/v2\/types\/post"}],"author":[{"embeddable":true,"href":"https:\/\/www.caririemacao.com\/1\/wp-json\/wp\/v2\/users\/1"}],"replies":[{"embeddable":true,"href":"https:\/\/www.caririemacao.com\/1\/wp-json\/wp\/v2\/comments?post=123020"}],"version-history":[{"count":1,"href":"https:\/\/www.caririemacao.com\/1\/wp-json\/wp\/v2\/posts\/123020\/revisions"}],"predecessor-version":[{"id":123024,"href":"https:\/\/www.caririemacao.com\/1\/wp-json\/wp\/v2\/posts\/123020\/revisions\/123024"}],"wp:featuredmedia":[{"embeddable":true,"href":"https:\/\/www.caririemacao.com\/1\/wp-json\/wp\/v2\/media\/123023"}],"wp:attachment":[{"href":"https:\/\/www.caririemacao.com\/1\/wp-json\/wp\/v2\/media?parent=123020"}],"wp:term":[{"taxonomy":"category","embeddable":true,"href":"https:\/\/www.caririemacao.com\/1\/wp-json\/wp\/v2\/categories?post=123020"},{"taxonomy":"post_tag","embeddable":true,"href":"https:\/\/www.caririemacao.com\/1\/wp-json\/wp\/v2\/tags?post=123020"}],"curies":[{"name":"wp","href":"https:\/\/api.w.org\/{rel}","templated":true}]}}