{"id":123033,"date":"2019-10-03T09:03:59","date_gmt":"2019-10-03T12:03:59","guid":{"rendered":"http:\/\/www.caririemacao.com\/1\/?p=123033"},"modified":"2019-10-03T09:03:59","modified_gmt":"2019-10-03T12:03:59","slug":"divulgado-trailer-e-data-de-estreia-de-a-noite-amarela-terror-filmado-na-paraiba","status":"publish","type":"post","link":"https:\/\/www.caririemacao.com\/1\/2019\/10\/03\/divulgado-trailer-e-data-de-estreia-de-a-noite-amarela-terror-filmado-na-paraiba\/","title":{"rendered":"Divulgado trailer e data de estreia de &#8216;A Noite Amarela&#8217;, terror filmado na Para\u00edba"},"content":{"rendered":"\n<p>O longa metragem de terror A Noite Amarela ganhou o primeiro trailer e data de estreia nos cinemas da Para\u00edba.<\/p>\n\n\n\n<p>O filme, dirigido por Ramon Porto Mota, foi ambientado na Para\u00edba e estreia em 10 de outubro.<\/p>\n\n\n\n<p>O filme narra a hist\u00f3ria de um grupo de sete adolescentes que viajam para uma pequena ilha na costa do Nordeste brasileiro, para celebrar o fim do \u00faltimo ano escolar. No entanto, a festa acaba no primeiro anoitecer ap\u00f3s um estranho acontecimento com o grupo.<\/p>\n\n\n\n<figure><iframe data-src=\"https:\/\/www.youtube.com\/embed\/1BAIm8Pjqhw\" allowfullscreen=\"\" width=\"500\" height=\"281\" src=\"data:image\/svg+xml;base64,PHN2ZyB3aWR0aD0iMSIgaGVpZ2h0PSIxIiB4bWxucz0iaHR0cDovL3d3dy53My5vcmcvMjAwMC9zdmciPjwvc3ZnPg==\" class=\"lazyload\" data-load-mode=\"1\"><\/iframe><\/figure>\n\n\n\n<p>O longa teve sua estreia mundial no 48\u00ba Festival Internacional de Cinema de Roterd\u00e3 e tamb\u00e9m foi exibido no 16\u00ba IndieLisboa, Olhar de Cinema \u201819, 14\u00aa Mostra Cinema Conquista, 19\u00ba New Horizons IFF, 9\u00ba CineFantasy, CineBH &#8211; 13\u00aa Mostra de Cinema de Belo Horizonte e 4\u00ba Brooklyn Horror Fest.<\/p>\n\n\n\n<p>\u201cEu olho para&nbsp;<em>A Noite Amarela<\/em>&nbsp;como um tour de force sobre o fim de uma era. Um filme sobre temer o futuro e o vazio que est\u00e1 a nossa frente; sobre, afinal de contas, a morte da pessoa que somos. Conta a hist\u00f3ria de um grupo de adolescentes e o que aconteceu com eles quando viajaram para uma casa de praia para comemorar o final do ensino m\u00e9dio. \u00c9 uma hist\u00f3ria sobre seus medos e desejos; atos, gestos e afli\u00e7\u00f5es. \u00c9 um filme de terror em sua ess\u00eancia &#8211; o horror do futuro e do desconhecido &#8211; mas tamb\u00e9m um teen movie, cheio de drama e confus\u00e3o. Um slasher espiritual tomado pela escurid\u00e3o, t\u00e3o estranho quanto seus personagens. Um coming of age atrav\u00e9s do horror\u201d, comenta o diretor Ramon Porto Mota.<\/p>\n\n\n\n<p>\u201cA Noite Amarela\u201d \u00e9 uma produ\u00e7\u00e3o paraibana, assinada pela Vermelho Profundo, com coprodu\u00e7\u00e3o da Narrativa. O roteiro do filme foi escrito por Ramon junto a Jh\u00e9sus Tribuzi. O p\u00f4ster foi feito por Vito Quintans, que tamb\u00e9m assina a trilha sonora original. O longa foi gravado em 2017 na cidade de Campina Grande, onde parte da hist\u00f3ria acontece, e tamb\u00e9m nas cidades do Conde e Cabedelo, no litoral paraibano.<\/p>\n\n\n\n<p>No elenco, est\u00e3o Ana Rita Gurgel, Caio Richard, Clara de Oliveira, Felipe Esp\u00edndola, Marina Alencar, Matheus Martins e Rana Sui, com convidados como Fernando Teixeira, Cristian Verardi e Servilio de Holanda.<\/p>\n\n\n\n<figure class=\"wp-block-image\"><img decoding=\"async\" data-src=\"https:\/\/www.clickpb.com.br\/media\/filer_public\/f9\/fb\/f9fb2f53-c0cf-48ec-a05e-92b1cf103c91\/still_-_05_-_anoite.jpg\" alt=\"\" src=\"data:image\/svg+xml;base64,PHN2ZyB3aWR0aD0iMSIgaGVpZ2h0PSIxIiB4bWxucz0iaHR0cDovL3d3dy53My5vcmcvMjAwMC9zdmciPjwvc3ZnPg==\" class=\"lazyload\" \/><\/figure>\n\n\n\n<figure class=\"wp-block-image\"><img decoding=\"async\" data-src=\"https:\/\/www.clickpb.com.br\/media\/filer_public\/04\/d8\/04d83dcf-80d6-498b-be66-ac29901f2bd1\/still_-_10_-_anoite.jpg\" alt=\"\" src=\"data:image\/svg+xml;base64,PHN2ZyB3aWR0aD0iMSIgaGVpZ2h0PSIxIiB4bWxucz0iaHR0cDovL3d3dy53My5vcmcvMjAwMC9zdmciPjwvc3ZnPg==\" class=\"lazyload\" \/><\/figure>\n","protected":false},"excerpt":{"rendered":"<p>O longa metragem de terror A Noite Amarela ganhou o primeiro trailer e data de estreia nos cinemas da Para\u00edba. O filme, dirigido por Ramon&hellip; <\/p>\n","protected":false},"author":1,"featured_media":123034,"comment_status":"closed","ping_status":"closed","sticky":false,"template":"","format":"standard","meta":{"sfsi_plus_gutenberg_text_before_share":"","sfsi_plus_gutenberg_show_text_before_share":"","sfsi_plus_gutenberg_icon_type":"","sfsi_plus_gutenberg_icon_alignemt":"","sfsi_plus_gutenburg_max_per_row":"","footnotes":""},"categories":[2],"tags":[],"class_list":["post-123033","post","type-post","status-publish","format-standard","has-post-thumbnail","hentry","category-geral"],"_links":{"self":[{"href":"https:\/\/www.caririemacao.com\/1\/wp-json\/wp\/v2\/posts\/123033","targetHints":{"allow":["GET"]}}],"collection":[{"href":"https:\/\/www.caririemacao.com\/1\/wp-json\/wp\/v2\/posts"}],"about":[{"href":"https:\/\/www.caririemacao.com\/1\/wp-json\/wp\/v2\/types\/post"}],"author":[{"embeddable":true,"href":"https:\/\/www.caririemacao.com\/1\/wp-json\/wp\/v2\/users\/1"}],"replies":[{"embeddable":true,"href":"https:\/\/www.caririemacao.com\/1\/wp-json\/wp\/v2\/comments?post=123033"}],"version-history":[{"count":1,"href":"https:\/\/www.caririemacao.com\/1\/wp-json\/wp\/v2\/posts\/123033\/revisions"}],"predecessor-version":[{"id":123035,"href":"https:\/\/www.caririemacao.com\/1\/wp-json\/wp\/v2\/posts\/123033\/revisions\/123035"}],"wp:featuredmedia":[{"embeddable":true,"href":"https:\/\/www.caririemacao.com\/1\/wp-json\/wp\/v2\/media\/123034"}],"wp:attachment":[{"href":"https:\/\/www.caririemacao.com\/1\/wp-json\/wp\/v2\/media?parent=123033"}],"wp:term":[{"taxonomy":"category","embeddable":true,"href":"https:\/\/www.caririemacao.com\/1\/wp-json\/wp\/v2\/categories?post=123033"},{"taxonomy":"post_tag","embeddable":true,"href":"https:\/\/www.caririemacao.com\/1\/wp-json\/wp\/v2\/tags?post=123033"}],"curies":[{"name":"wp","href":"https:\/\/api.w.org\/{rel}","templated":true}]}}