{"id":123067,"date":"2019-10-03T13:09:51","date_gmt":"2019-10-03T16:09:51","guid":{"rendered":"http:\/\/www.caririemacao.com\/1\/?p=123067"},"modified":"2019-10-03T13:09:51","modified_gmt":"2019-10-03T16:09:51","slug":"secretario-de-agricultura-de-camalau-participa-de-encontro-estadual","status":"publish","type":"post","link":"https:\/\/www.caririemacao.com\/1\/2019\/10\/03\/secretario-de-agricultura-de-camalau-participa-de-encontro-estadual\/","title":{"rendered":"Secret\u00e1rio de Agricultura de Camala\u00fa participa de Encontro Estadual"},"content":{"rendered":"\n<p>O secret\u00e1rio de agricultura do munic\u00edpio de Camala\u00fa, N\u00eago M\u00f4co esteve na manh\u00e3 desta quarta-feira (02), participando do primeiro encontro estadual de Secret\u00e1rios Municipais de Agricultura, promovido pela Secretaria de Estado da Agricultura Familiar e do Desenvolvimento do Semi\u00e1rido &#8211; SEAFDS\/PB e que tem a frente o ex deputado Luiz Couto.<br>O evento aconteceu no audit\u00f3rio do Tribunal de Contas do Estado em Jo\u00e3o Pessoa nesta quarta feira (02).<br>O encontro teve como objetivo discutir as a\u00e7\u00f5es, executadas e previs\u00e3o de execu\u00e7\u00e3o para o pr\u00f3ximo ano. Outros temas inerentes \u00e0s pastas da agricultura familiar nos munic\u00edpios tamb\u00e9m foram debatidas durante o evento.<br>F\u00c1BIO BRITO<br><\/p>\n","protected":false},"excerpt":{"rendered":"<p>O secret\u00e1rio de agricultura do munic\u00edpio de Camala\u00fa, N\u00eago M\u00f4co esteve na manh\u00e3 desta quarta-feira (02), participando do primeiro encontro estadual de Secret\u00e1rios Municipais de&hellip; <\/p>\n","protected":false},"author":1,"featured_media":123069,"comment_status":"closed","ping_status":"closed","sticky":false,"template":"","format":"standard","meta":{"sfsi_plus_gutenberg_text_before_share":"","sfsi_plus_gutenberg_show_text_before_share":"","sfsi_plus_gutenberg_icon_type":"","sfsi_plus_gutenberg_icon_alignemt":"","sfsi_plus_gutenburg_max_per_row":"","footnotes":""},"categories":[6],"tags":[],"class_list":["post-123067","post","type-post","status-publish","format-standard","has-post-thumbnail","hentry","category-cidades"],"_links":{"self":[{"href":"https:\/\/www.caririemacao.com\/1\/wp-json\/wp\/v2\/posts\/123067","targetHints":{"allow":["GET"]}}],"collection":[{"href":"https:\/\/www.caririemacao.com\/1\/wp-json\/wp\/v2\/posts"}],"about":[{"href":"https:\/\/www.caririemacao.com\/1\/wp-json\/wp\/v2\/types\/post"}],"author":[{"embeddable":true,"href":"https:\/\/www.caririemacao.com\/1\/wp-json\/wp\/v2\/users\/1"}],"replies":[{"embeddable":true,"href":"https:\/\/www.caririemacao.com\/1\/wp-json\/wp\/v2\/comments?post=123067"}],"version-history":[{"count":1,"href":"https:\/\/www.caririemacao.com\/1\/wp-json\/wp\/v2\/posts\/123067\/revisions"}],"predecessor-version":[{"id":123070,"href":"https:\/\/www.caririemacao.com\/1\/wp-json\/wp\/v2\/posts\/123067\/revisions\/123070"}],"wp:featuredmedia":[{"embeddable":true,"href":"https:\/\/www.caririemacao.com\/1\/wp-json\/wp\/v2\/media\/123069"}],"wp:attachment":[{"href":"https:\/\/www.caririemacao.com\/1\/wp-json\/wp\/v2\/media?parent=123067"}],"wp:term":[{"taxonomy":"category","embeddable":true,"href":"https:\/\/www.caririemacao.com\/1\/wp-json\/wp\/v2\/categories?post=123067"},{"taxonomy":"post_tag","embeddable":true,"href":"https:\/\/www.caririemacao.com\/1\/wp-json\/wp\/v2\/tags?post=123067"}],"curies":[{"name":"wp","href":"https:\/\/api.w.org\/{rel}","templated":true}]}}