{"id":123083,"date":"2019-10-03T13:14:07","date_gmt":"2019-10-03T16:14:07","guid":{"rendered":"http:\/\/www.caririemacao.com\/1\/?p=123083"},"modified":"2019-10-03T13:14:07","modified_gmt":"2019-10-03T16:14:07","slug":"prefeitura-de-prata-realiza-pavimentacao-na-continuacao-da-rua-amaro-jose-de-melo","status":"publish","type":"post","link":"https:\/\/www.caririemacao.com\/1\/2019\/10\/03\/prefeitura-de-prata-realiza-pavimentacao-na-continuacao-da-rua-amaro-jose-de-melo\/","title":{"rendered":"Prefeitura de Prata realiza pavimenta\u00e7\u00e3o na continua\u00e7\u00e3o da Rua Amaro Jos\u00e9 de Melo"},"content":{"rendered":"\n<p>Os investimentos em infraestrutura n\u00e3o param na Prata.<br>A Prefeitura Municipal tem trabalhado para garantir a chegada da pavimenta\u00e7\u00e3o em vias que n\u00e3o contavam com esse benef\u00edcio.&nbsp;<br><\/p>\n\n\n\n<figure class=\"wp-block-image\"><a href=\"https:\/\/1.bp.blogspot.com\/-JO_NssjAHjY\/XZNulXKobzI\/AAAAAAABUE4\/JQZEFI9sLsosARABQhZVJr_JAoD2jeDXgCLcBGAsYHQ\/s1600\/Photo_1569942980670.jpg\"><img decoding=\"async\" data-src=\"https:\/\/1.bp.blogspot.com\/-JO_NssjAHjY\/XZNulXKobzI\/AAAAAAABUE4\/JQZEFI9sLsosARABQhZVJr_JAoD2jeDXgCLcBGAsYHQ\/s320\/Photo_1569942980670.jpg\" alt=\"\" src=\"data:image\/svg+xml;base64,PHN2ZyB3aWR0aD0iMSIgaGVpZ2h0PSIxIiB4bWxucz0iaHR0cDovL3d3dy53My5vcmcvMjAwMC9zdmciPjwvc3ZnPg==\" class=\"lazyload\" \/><\/a><\/figure>\n\n\n\n<p>Mais do que um novo visual, as obras trazem mais qualidade de vida aos cidad\u00e3os.<br>Ainda de acordo com o prefeito Junior N\u00f3brega, o munic\u00edpio tem sido contemplado com obras de infraestrutura e pavimenta\u00e7\u00e3o asf\u00e1ltica para fazer a diferen\u00e7a no cotidiano das pessoas. \u201cEstamos trabalhando diariamente e n\u00e3o poupamos esfor\u00e7os para assegurar muito mais desenvolvimento para os pratenses\u201d, concluiu.<br>Com ANDR\u00c9 LUIZ- PORTALCARIRIPB<br><\/p>\n","protected":false},"excerpt":{"rendered":"<p>Os investimentos em infraestrutura n\u00e3o param na Prata.A Prefeitura Municipal tem trabalhado para garantir a chegada da pavimenta\u00e7\u00e3o em vias que n\u00e3o contavam com esse&hellip; <\/p>\n","protected":false},"author":1,"featured_media":123085,"comment_status":"closed","ping_status":"closed","sticky":false,"template":"","format":"standard","meta":{"sfsi_plus_gutenberg_text_before_share":"","sfsi_plus_gutenberg_show_text_before_share":"","sfsi_plus_gutenberg_icon_type":"","sfsi_plus_gutenberg_icon_alignemt":"","sfsi_plus_gutenburg_max_per_row":"","footnotes":""},"categories":[2],"tags":[],"class_list":["post-123083","post","type-post","status-publish","format-standard","has-post-thumbnail","hentry","category-geral"],"_links":{"self":[{"href":"https:\/\/www.caririemacao.com\/1\/wp-json\/wp\/v2\/posts\/123083","targetHints":{"allow":["GET"]}}],"collection":[{"href":"https:\/\/www.caririemacao.com\/1\/wp-json\/wp\/v2\/posts"}],"about":[{"href":"https:\/\/www.caririemacao.com\/1\/wp-json\/wp\/v2\/types\/post"}],"author":[{"embeddable":true,"href":"https:\/\/www.caririemacao.com\/1\/wp-json\/wp\/v2\/users\/1"}],"replies":[{"embeddable":true,"href":"https:\/\/www.caririemacao.com\/1\/wp-json\/wp\/v2\/comments?post=123083"}],"version-history":[{"count":1,"href":"https:\/\/www.caririemacao.com\/1\/wp-json\/wp\/v2\/posts\/123083\/revisions"}],"predecessor-version":[{"id":123086,"href":"https:\/\/www.caririemacao.com\/1\/wp-json\/wp\/v2\/posts\/123083\/revisions\/123086"}],"wp:featuredmedia":[{"embeddable":true,"href":"https:\/\/www.caririemacao.com\/1\/wp-json\/wp\/v2\/media\/123085"}],"wp:attachment":[{"href":"https:\/\/www.caririemacao.com\/1\/wp-json\/wp\/v2\/media?parent=123083"}],"wp:term":[{"taxonomy":"category","embeddable":true,"href":"https:\/\/www.caririemacao.com\/1\/wp-json\/wp\/v2\/categories?post=123083"},{"taxonomy":"post_tag","embeddable":true,"href":"https:\/\/www.caririemacao.com\/1\/wp-json\/wp\/v2\/tags?post=123083"}],"curies":[{"name":"wp","href":"https:\/\/api.w.org\/{rel}","templated":true}]}}