{"id":123091,"date":"2019-10-03T13:16:25","date_gmt":"2019-10-03T16:16:25","guid":{"rendered":"http:\/\/www.caririemacao.com\/1\/?p=123091"},"modified":"2019-10-03T13:16:25","modified_gmt":"2019-10-03T16:16:25","slug":"prefeitura-de-sao-sebastiao-do-umbuzeiro-inicia-campanha-outubro-rosa","status":"publish","type":"post","link":"https:\/\/www.caririemacao.com\/1\/2019\/10\/03\/prefeitura-de-sao-sebastiao-do-umbuzeiro-inicia-campanha-outubro-rosa\/","title":{"rendered":"Prefeitura de S\u00e3o Sebasti\u00e3o do Umbuzeiro inicia campanha Outubro Rosa"},"content":{"rendered":"\n<p>A Prefeitura de S\u00e3o Sebasti\u00e3o do Umbuzeiro, atrav\u00e9s da Secretaria Municipal de sa\u00fade em parceria com ONG Mulheres de Peito, deu in\u00edcio nesta quarta-feira dia 02 de Outubro, a campanha de conscientiza\u00e7\u00e3o contra o c\u00e2ncer de mama, conhecida como Outubro Rosa, \u00e9 realizada por diversas entidades no m\u00eas de outubro e dirigida \u00e0 sociedade, em especial \u00e0s mulheres.<br><\/p>\n\n\n\n<figure class=\"wp-block-image\"><a href=\"http:\/\/www.blogdodidi.com.br\/wp-content\/uploads\/2019\/10\/57fbb263-34d0-480e-9d1f-cad537ce4749-768x1024.jpg\"><img decoding=\"async\" data-src=\"https:\/\/lh5.googleusercontent.com\/proxy\/9oJpj5727b7WeEdp1rrRlI2aGd-79zYMtpuTEAnujQNVbINnPYXwevzGFN1tIG4WqPfI-b5C1XSv6oFzfFXOEUYcO_eEM1SDUTJckgR8uHotR1ZCIYaCgE5MvIQCF9wlEFsqNFos078sv_DmCrgEuJsRQwYe34H5IXQzCRo=s0-d\" alt=\"\" src=\"data:image\/svg+xml;base64,PHN2ZyB3aWR0aD0iMSIgaGVpZ2h0PSIxIiB4bWxucz0iaHR0cDovL3d3dy53My5vcmcvMjAwMC9zdmciPjwvc3ZnPg==\" class=\"lazyload\" \/><\/a><\/figure>\n\n\n\n<p>Entre os temas do movimento est\u00e1 a import\u00e2ncia da preven\u00e7\u00e3o e do diagn\u00f3stico precoce da doen\u00e7a. Na ocasi\u00e3o foram distribu\u00eddos camisas para equipe de sa\u00fade do munic\u00edpio.<br>O Prefeito Adriano Wolff, falou da import\u00e2ncia das a\u00e7\u00f5es n\u00e3o s\u00f3 no m\u00eas de outubro, mas todo o ano que deveremos ter um Ano Rosa. \u201cQuero parabenizar a equipe de sa\u00fade, pela campanha do Outubro Rosa e pelo seu excelente trabalho junto a popula\u00e7\u00e3o feminina. Sabemos do sofrimento causado pelo c\u00e2ncer de mama, e a campanha deve ser feita n\u00e3o s\u00f3 no m\u00eas de outubro, mais todo o ano que deveremos ter um Ano Rosa\u201d, disse o prefeito.<br>Durante todo o m\u00eas ser\u00e3o realizadas diversas a\u00e7\u00f5es voltadas para conscientiza\u00e7\u00e3o da preven\u00e7\u00e3o e do diagn\u00f3stico precoce. Est\u00e1 previsto a\u00e7\u00f5es para 2020, com Uma Caravana da ONG Mulheres de Peito onde faremos rastreamento de 70% das mulheres na faixa et\u00e1ria entre 40 e 70 anos.<br>COM BLOG DO DIDI<\/p>\n","protected":false},"excerpt":{"rendered":"<p>A Prefeitura de S\u00e3o Sebasti\u00e3o do Umbuzeiro, atrav\u00e9s da Secretaria Municipal de sa\u00fade em parceria com ONG Mulheres de Peito, deu in\u00edcio nesta quarta-feira dia&hellip; <\/p>\n","protected":false},"author":1,"featured_media":123093,"comment_status":"closed","ping_status":"closed","sticky":false,"template":"","format":"standard","meta":{"sfsi_plus_gutenberg_text_before_share":"","sfsi_plus_gutenberg_show_text_before_share":"","sfsi_plus_gutenberg_icon_type":"","sfsi_plus_gutenberg_icon_alignemt":"","sfsi_plus_gutenburg_max_per_row":"","footnotes":""},"categories":[2],"tags":[],"class_list":["post-123091","post","type-post","status-publish","format-standard","has-post-thumbnail","hentry","category-geral"],"_links":{"self":[{"href":"https:\/\/www.caririemacao.com\/1\/wp-json\/wp\/v2\/posts\/123091","targetHints":{"allow":["GET"]}}],"collection":[{"href":"https:\/\/www.caririemacao.com\/1\/wp-json\/wp\/v2\/posts"}],"about":[{"href":"https:\/\/www.caririemacao.com\/1\/wp-json\/wp\/v2\/types\/post"}],"author":[{"embeddable":true,"href":"https:\/\/www.caririemacao.com\/1\/wp-json\/wp\/v2\/users\/1"}],"replies":[{"embeddable":true,"href":"https:\/\/www.caririemacao.com\/1\/wp-json\/wp\/v2\/comments?post=123091"}],"version-history":[{"count":1,"href":"https:\/\/www.caririemacao.com\/1\/wp-json\/wp\/v2\/posts\/123091\/revisions"}],"predecessor-version":[{"id":123094,"href":"https:\/\/www.caririemacao.com\/1\/wp-json\/wp\/v2\/posts\/123091\/revisions\/123094"}],"wp:featuredmedia":[{"embeddable":true,"href":"https:\/\/www.caririemacao.com\/1\/wp-json\/wp\/v2\/media\/123093"}],"wp:attachment":[{"href":"https:\/\/www.caririemacao.com\/1\/wp-json\/wp\/v2\/media?parent=123091"}],"wp:term":[{"taxonomy":"category","embeddable":true,"href":"https:\/\/www.caririemacao.com\/1\/wp-json\/wp\/v2\/categories?post=123091"},{"taxonomy":"post_tag","embeddable":true,"href":"https:\/\/www.caririemacao.com\/1\/wp-json\/wp\/v2\/tags?post=123091"}],"curies":[{"name":"wp","href":"https:\/\/api.w.org\/{rel}","templated":true}]}}