{"id":123109,"date":"2019-10-03T13:22:25","date_gmt":"2019-10-03T16:22:25","guid":{"rendered":"http:\/\/www.caririemacao.com\/1\/?p=123109"},"modified":"2019-10-03T13:22:25","modified_gmt":"2019-10-03T16:22:25","slug":"na-prata-secretaria-de-assistencia-social-faz-conscientizacao-para-que-populacao-prestigie-a-eleicao-do-conselheiro-tutelar","status":"publish","type":"post","link":"https:\/\/www.caririemacao.com\/1\/2019\/10\/03\/na-prata-secretaria-de-assistencia-social-faz-conscientizacao-para-que-populacao-prestigie-a-eleicao-do-conselheiro-tutelar\/","title":{"rendered":"Na Prata, Secret\u00e1ria de Assist\u00eancia Social faz conscientiza\u00e7\u00e3o para que popula\u00e7\u00e3o prestigie a elei\u00e7\u00e3o do Conselheiro Tutelar"},"content":{"rendered":"\n<p><a href=\"about:invalid#zClosurez\"><br><\/a>A Secret\u00e1ria de Assist\u00eancia de Social do munic\u00edpio de Prata, Gilvaneide Bezerra fez uma conscientiza\u00e7\u00e3o&nbsp;&nbsp;para que a popula\u00e7\u00e3o do munic\u00edpio se mobilize e prestigie a elei\u00e7\u00e3o que escolher\u00e1 os novos membros do Conselho Tutelar da cidade.<br>Gilvaneide Bezerra relembrou que o Conselho Municipal dos Direitos da Crian\u00e7a e Adolescente (CMDCA), j\u00e1 fez a comunica\u00e7\u00e3o acerca da data de realiza\u00e7\u00e3o das elei\u00e7\u00f5es.<br>O processo eleitoral acontecer\u00e1 no dia 06 de Outubro de 2019, das 8h at\u00e9 \u00e0s 17h, na Escola Francisco de Assis Gonzaga.<br>Todos os cidad\u00e3os a partir dos 16 anos que j\u00e1 possuam t\u00edtulo de eleitor e que sejam domiciliados no munic\u00edpio podem votar. Para votar \u00e9 preciso apresentar um documento oficial com foto e o t\u00edtulo eleitoral.<br>\u201cO voto n\u00e3o \u00e9 obrigat\u00f3rio, mas \u00e9 essencial no processo democr\u00e1tico de escolha de uma fun\u00e7\u00e3o t\u00e3o importante, que \u00e9 a de Conselheiro Tutelar\u201d, ponderou Gilvaneide Bezerra.<br>Com Andr\u00e9 Luiz<\/p>\n","protected":false},"excerpt":{"rendered":"<p>A Secret\u00e1ria de Assist\u00eancia de Social do munic\u00edpio de Prata, Gilvaneide Bezerra fez uma conscientiza\u00e7\u00e3o&nbsp;&nbsp;para que a popula\u00e7\u00e3o do munic\u00edpio se mobilize e prestigie a&hellip; <\/p>\n","protected":false},"author":1,"featured_media":80961,"comment_status":"closed","ping_status":"closed","sticky":false,"template":"","format":"standard","meta":{"sfsi_plus_gutenberg_text_before_share":"","sfsi_plus_gutenberg_show_text_before_share":"","sfsi_plus_gutenberg_icon_type":"","sfsi_plus_gutenberg_icon_alignemt":"","sfsi_plus_gutenburg_max_per_row":"","footnotes":""},"categories":[6],"tags":[],"class_list":["post-123109","post","type-post","status-publish","format-standard","has-post-thumbnail","hentry","category-cidades"],"_links":{"self":[{"href":"https:\/\/www.caririemacao.com\/1\/wp-json\/wp\/v2\/posts\/123109","targetHints":{"allow":["GET"]}}],"collection":[{"href":"https:\/\/www.caririemacao.com\/1\/wp-json\/wp\/v2\/posts"}],"about":[{"href":"https:\/\/www.caririemacao.com\/1\/wp-json\/wp\/v2\/types\/post"}],"author":[{"embeddable":true,"href":"https:\/\/www.caririemacao.com\/1\/wp-json\/wp\/v2\/users\/1"}],"replies":[{"embeddable":true,"href":"https:\/\/www.caririemacao.com\/1\/wp-json\/wp\/v2\/comments?post=123109"}],"version-history":[{"count":1,"href":"https:\/\/www.caririemacao.com\/1\/wp-json\/wp\/v2\/posts\/123109\/revisions"}],"predecessor-version":[{"id":123111,"href":"https:\/\/www.caririemacao.com\/1\/wp-json\/wp\/v2\/posts\/123109\/revisions\/123111"}],"wp:featuredmedia":[{"embeddable":true,"href":"https:\/\/www.caririemacao.com\/1\/wp-json\/wp\/v2\/media\/80961"}],"wp:attachment":[{"href":"https:\/\/www.caririemacao.com\/1\/wp-json\/wp\/v2\/media?parent=123109"}],"wp:term":[{"taxonomy":"category","embeddable":true,"href":"https:\/\/www.caririemacao.com\/1\/wp-json\/wp\/v2\/categories?post=123109"},{"taxonomy":"post_tag","embeddable":true,"href":"https:\/\/www.caririemacao.com\/1\/wp-json\/wp\/v2\/tags?post=123109"}],"curies":[{"name":"wp","href":"https:\/\/api.w.org\/{rel}","templated":true}]}}