{"id":123116,"date":"2019-10-03T13:24:34","date_gmt":"2019-10-03T16:24:34","guid":{"rendered":"http:\/\/www.caririemacao.com\/1\/?p=123116"},"modified":"2019-10-03T13:24:34","modified_gmt":"2019-10-03T16:24:34","slug":"em-monteiro-secretaria-ana-lima-e-integrantes-da-seduc-participam-do-redes-que-transformam-em-sao-paulo","status":"publish","type":"post","link":"https:\/\/www.caririemacao.com\/1\/2019\/10\/03\/em-monteiro-secretaria-ana-lima-e-integrantes-da-seduc-participam-do-redes-que-transformam-em-sao-paulo\/","title":{"rendered":"Em Monteiro secret\u00e1ria Ana Lima e integrantes da SEDUC participam do \u201cRedes que Transformam\u201d em S\u00e3o Paulo"},"content":{"rendered":"\n<p>Nos dias 28, 29 e 30 de setembro aconteceu o Encontro Redes que Transformam 2019, promovido pela Funda\u00e7\u00e3o Lemann, na cidade de Umbu das Artes no estado de S\u00e3o Paulo. Monteiro esteve representada no evento pela secret\u00e1ria municipal de Educa\u00e7\u00e3o, Ana Lima; a Coordenadora Municipal do Programa Educar pra Valer, Denise Sousa e Joelma Vieira, N\u00facleo de Apoio a Gest\u00e3o Escolar.<br>\u201cEste encontro visa \u00e0 conex\u00e3o entre a sala de aula e a Secretaria de Educa\u00e7\u00e3o para melhorar a aprendizagem, compartilhando experi\u00eancias exitosas e criando pol\u00edticas p\u00fablicas para o desenvolvimento da Educa\u00e7\u00e3o\u201d, comenta a secret\u00e1ria.&nbsp;<br><\/p>\n\n\n\n<figure class=\"wp-block-image\"><a href=\"https:\/\/i2.wp.com\/www.vitrinedocariri.com.br\/wp-content\/uploads\/2019\/10\/Secret%C3%A1ria-Ana-Lima-e-integrantes-do-SEDUC-participam-do-%E2%80%9CRedes-que-Transformam%E2%80%9D-em-S%C3%A3o-Paulo-1.jpeg?resize=700%2C466&amp;ssl=1\"><img decoding=\"async\" data-src=\"https:\/\/i2.wp.com\/www.vitrinedocariri.com.br\/wp-content\/uploads\/2019\/10\/Secret%C3%A1ria-Ana-Lima-e-integrantes-do-SEDUC-participam-do-%E2%80%9CRedes-que-Transformam%E2%80%9D-em-S%C3%A3o-Paulo-1.jpeg?resize=700%2C466&amp;ssl=1\" alt=\"\" src=\"data:image\/svg+xml;base64,PHN2ZyB3aWR0aD0iMSIgaGVpZ2h0PSIxIiB4bWxucz0iaHR0cDovL3d3dy53My5vcmcvMjAwMC9zdmciPjwvc3ZnPg==\" class=\"lazyload\" \/><\/a><\/figure>\n\n\n\n<p>Monteiro se integra, pela&nbsp;&nbsp;primeira vez, atrav\u00e9s dos Programas Educar pra Valer e Conectando Saberes, implantados no munic\u00edpio este ano. \u201cA parceria entre a Secretaria Municipal de Educa\u00e7\u00e3o e a Funda\u00e7\u00e3o Lemann j\u00e1 fortalece as boas pr\u00e1ticas pedag\u00f3gicas em Monteiro. As forma\u00e7\u00f5es continuadas e o foco na alfabetiza\u00e7\u00e3o mais efetiva t\u00eam trazido resultados muitos positivos, o que pode ser observado nos nossos \u00edndices\u201d, destacou a prefeita Anna Lorena, que esteve reunida com a secret\u00e1ria de educa\u00e7\u00e3o ap\u00f3s a forma\u00e7\u00e3o.<br>Um dos pontos mais empolgantes, segundo a equipe monteirense, foi o primeiro dia do evento com o interc\u00e2mbio entre os participantes das cinco regi\u00f5es do pa\u00eds. Denis Mizne,&nbsp;&nbsp;diretor executivo da Funda\u00e7\u00e3o Lemann abriu o&nbsp;&nbsp;encontro com a palestra: Educa\u00e7\u00e3o no Centro: Coer\u00eancia e Colabora\u00e7\u00e3o.&nbsp;&nbsp;\u201cEduca\u00e7\u00e3o n\u00e3o \u00e9 um dos caminhos para mudar o Brasil, \u00e9 o \u00fanico caminho. Muitas das pessoas que est\u00e3o fazendo o pa\u00eds avan\u00e7ar e resolvendo desafios da Educa\u00e7\u00e3o, est\u00e3o aqui nessa sala\u201d. Pontuou Denis Mizne.<br><strong>Redes que Transformam<\/strong><br>O Encontro Redes que Transformam surgiu em 2018 para gerar conex\u00f5es entre a sala de aula e as Secretarias de Educa\u00e7\u00e3o do pa\u00eds. Ele proporcionou o encontro de dois programas apoiados pela Funda\u00e7\u00e3o Lemann: a rede Conectando Saberes, criada de professor para professor e com a presen\u00e7a em todos os estados do Brasil e o programa Formar, que apoia uma gest\u00e3o de secretarias municipais e estaduais focadas na aprendizagem do aluno e desenvolvimento constante do professor.<br>Este ano, o evento tamb\u00e9m recebeu secret\u00e1rios e l\u00edderes pedag\u00f3gicos dos programas Educar pra Valer e PARC (Parceria para Alfabetiza\u00e7\u00e3o via Regime de Colabora\u00e7\u00e3o) e cerca de 600 educadores estiveram presentes no encontro.<br>A programa\u00e7\u00e3o do Redes que Transformam 2019 foi composta por palestras, rodas de conversas, oficinas e pr\u00e1ticas pedag\u00f3gicas voltadas para cria\u00e7\u00e3o de pol\u00edticas p\u00fablicas para a educa\u00e7\u00e3o.<\/p>\n","protected":false},"excerpt":{"rendered":"<p>Nos dias 28, 29 e 30 de setembro aconteceu o Encontro Redes que Transformam 2019, promovido pela Funda\u00e7\u00e3o Lemann, na cidade de Umbu das Artes&hellip; <\/p>\n","protected":false},"author":1,"featured_media":123118,"comment_status":"closed","ping_status":"closed","sticky":false,"template":"","format":"standard","meta":{"sfsi_plus_gutenberg_text_before_share":"","sfsi_plus_gutenberg_show_text_before_share":"","sfsi_plus_gutenberg_icon_type":"","sfsi_plus_gutenberg_icon_alignemt":"","sfsi_plus_gutenburg_max_per_row":"","footnotes":""},"categories":[14],"tags":[],"class_list":["post-123116","post","type-post","status-publish","format-standard","has-post-thumbnail","hentry","category-educacao"],"_links":{"self":[{"href":"https:\/\/www.caririemacao.com\/1\/wp-json\/wp\/v2\/posts\/123116","targetHints":{"allow":["GET"]}}],"collection":[{"href":"https:\/\/www.caririemacao.com\/1\/wp-json\/wp\/v2\/posts"}],"about":[{"href":"https:\/\/www.caririemacao.com\/1\/wp-json\/wp\/v2\/types\/post"}],"author":[{"embeddable":true,"href":"https:\/\/www.caririemacao.com\/1\/wp-json\/wp\/v2\/users\/1"}],"replies":[{"embeddable":true,"href":"https:\/\/www.caririemacao.com\/1\/wp-json\/wp\/v2\/comments?post=123116"}],"version-history":[{"count":1,"href":"https:\/\/www.caririemacao.com\/1\/wp-json\/wp\/v2\/posts\/123116\/revisions"}],"predecessor-version":[{"id":123119,"href":"https:\/\/www.caririemacao.com\/1\/wp-json\/wp\/v2\/posts\/123116\/revisions\/123119"}],"wp:featuredmedia":[{"embeddable":true,"href":"https:\/\/www.caririemacao.com\/1\/wp-json\/wp\/v2\/media\/123118"}],"wp:attachment":[{"href":"https:\/\/www.caririemacao.com\/1\/wp-json\/wp\/v2\/media?parent=123116"}],"wp:term":[{"taxonomy":"category","embeddable":true,"href":"https:\/\/www.caririemacao.com\/1\/wp-json\/wp\/v2\/categories?post=123116"},{"taxonomy":"post_tag","embeddable":true,"href":"https:\/\/www.caririemacao.com\/1\/wp-json\/wp\/v2\/tags?post=123116"}],"curies":[{"name":"wp","href":"https:\/\/api.w.org\/{rel}","templated":true}]}}