{"id":123139,"date":"2019-10-03T13:33:02","date_gmt":"2019-10-03T16:33:02","guid":{"rendered":"http:\/\/www.caririemacao.com\/1\/?p=123139"},"modified":"2019-10-03T13:33:02","modified_gmt":"2019-10-03T16:33:02","slug":"mpf-pb-divulga-gabarito-de-prova-de-estagio-na-area-de-direito-com-vagas-para-monteiro","status":"publish","type":"post","link":"https:\/\/www.caririemacao.com\/1\/2019\/10\/03\/mpf-pb-divulga-gabarito-de-prova-de-estagio-na-area-de-direito-com-vagas-para-monteiro\/","title":{"rendered":"MPF-PB divulga gabarito de prova de est\u00e1gio na \u00e1rea de Direito com vagas para Monteiro"},"content":{"rendered":"\n<p>O Minist\u00e9rio P\u00fablico Federal (MPF) na Para\u00edba divulgou, no final da tarde desta segunda-feira, 30 de setembro, o gabarito da prova do concurso de est\u00e1gio na \u00e1rea de Direito, que ocorreu no \u00faltimo domingo (29). O prazo recursal \u00e9 de dois dias.<\/p>\n\n\n\n<p><a href=\"http:\/\/www.mpf.mp.br\/pb\/estagie-conosco\/selecao-de-direito-2019\/edital-no-25-2019-gabarito-provisorio-selecao-de-direito-2019\/view\">Confira o gabarito<\/a><\/p>\n\n\n\n<p>As vagas s\u00e3o para as unidades do MPF em Jo\u00e3o Pessoa, Guarabira, Campina Grande, Patos, Monteiro e Sousa.<\/p>\n\n\n\n<p>O est\u00e1gio ter\u00e1 dura\u00e7\u00e3o de at\u00e9 um ano, podendo ser prorrogado at\u00e9 o limite de dois anos.<\/p>\n","protected":false},"excerpt":{"rendered":"<p>O Minist\u00e9rio P\u00fablico Federal (MPF) na Para\u00edba divulgou, no final da tarde desta segunda-feira, 30 de setembro, o gabarito da prova do concurso de est\u00e1gio&hellip; <\/p>\n","protected":false},"author":1,"featured_media":32749,"comment_status":"closed","ping_status":"closed","sticky":false,"template":"","format":"standard","meta":{"sfsi_plus_gutenberg_text_before_share":"","sfsi_plus_gutenberg_show_text_before_share":"","sfsi_plus_gutenberg_icon_type":"","sfsi_plus_gutenberg_icon_alignemt":"","sfsi_plus_gutenburg_max_per_row":"","footnotes":""},"categories":[2],"tags":[],"class_list":["post-123139","post","type-post","status-publish","format-standard","has-post-thumbnail","hentry","category-geral"],"_links":{"self":[{"href":"https:\/\/www.caririemacao.com\/1\/wp-json\/wp\/v2\/posts\/123139","targetHints":{"allow":["GET"]}}],"collection":[{"href":"https:\/\/www.caririemacao.com\/1\/wp-json\/wp\/v2\/posts"}],"about":[{"href":"https:\/\/www.caririemacao.com\/1\/wp-json\/wp\/v2\/types\/post"}],"author":[{"embeddable":true,"href":"https:\/\/www.caririemacao.com\/1\/wp-json\/wp\/v2\/users\/1"}],"replies":[{"embeddable":true,"href":"https:\/\/www.caririemacao.com\/1\/wp-json\/wp\/v2\/comments?post=123139"}],"version-history":[{"count":1,"href":"https:\/\/www.caririemacao.com\/1\/wp-json\/wp\/v2\/posts\/123139\/revisions"}],"predecessor-version":[{"id":123140,"href":"https:\/\/www.caririemacao.com\/1\/wp-json\/wp\/v2\/posts\/123139\/revisions\/123140"}],"wp:featuredmedia":[{"embeddable":true,"href":"https:\/\/www.caririemacao.com\/1\/wp-json\/wp\/v2\/media\/32749"}],"wp:attachment":[{"href":"https:\/\/www.caririemacao.com\/1\/wp-json\/wp\/v2\/media?parent=123139"}],"wp:term":[{"taxonomy":"category","embeddable":true,"href":"https:\/\/www.caririemacao.com\/1\/wp-json\/wp\/v2\/categories?post=123139"},{"taxonomy":"post_tag","embeddable":true,"href":"https:\/\/www.caririemacao.com\/1\/wp-json\/wp\/v2\/tags?post=123139"}],"curies":[{"name":"wp","href":"https:\/\/api.w.org\/{rel}","templated":true}]}}