{"id":123145,"date":"2019-10-03T13:39:51","date_gmt":"2019-10-03T16:39:51","guid":{"rendered":"http:\/\/www.caririemacao.com\/1\/?p=123145"},"modified":"2019-10-03T13:39:51","modified_gmt":"2019-10-03T16:39:51","slug":"governo-cria-programa-de-inovacao-nas-escolas","status":"publish","type":"post","link":"https:\/\/www.caririemacao.com\/1\/2019\/10\/03\/governo-cria-programa-de-inovacao-nas-escolas\/","title":{"rendered":"Governo cria programa de inova\u00e7\u00e3o nas escolas"},"content":{"rendered":"\n<p>O Governo do Estado publicou Medida Provis\u00f3ria que cria o Programa de Educa\u00e7\u00e3o para Inova\u00e7\u00e3o e Empreendedorismo na Rede Estadual de Ensino, o \u2018Ouse Criar\u2019.<\/p>\n\n\n\n<p>O objetivo da Medida Provis\u00f3ria \u00e9 estimular o desenvolvimento de jovens empreendedores por meio do fomento, sistematiza\u00e7\u00e3o e implementa\u00e7\u00f5es de a\u00e7\u00f5es educacionais que promovam a cria\u00e7\u00e3o ou melhoria de processos, bem como o surgimento de novos empreendimentos.<\/p>\n\n\n\n<p>Poder\u00e3o participar do \u2018Ouse Criar\u2019 estudantes da Rede Estadual de Ensino e de institui\u00e7\u00f5es de ensino superior p\u00fablicas.<\/p>\n\n\n\n<p>Os par\u00e2metros da Medida Provis\u00f3ria para participar do programa foram publicados no&nbsp;<a href=\"https:\/\/auniao.pb.gov.br\/servicos\/arquivo-digital\/doe\/2019\/diario-oficial-03-10-2019.pdf\">Di\u00e1rio Oficial do Estado<\/a>&nbsp;desta quinta-feira (3).<\/p>\n\n\n\n<p><strong>MaisPB<\/strong><\/p>\n","protected":false},"excerpt":{"rendered":"<p>O Governo do Estado publicou Medida Provis\u00f3ria que cria o Programa de Educa\u00e7\u00e3o para Inova\u00e7\u00e3o e Empreendedorismo na Rede Estadual de Ensino, o \u2018Ouse Criar\u2019.&hellip; <\/p>\n","protected":false},"author":1,"featured_media":123147,"comment_status":"closed","ping_status":"closed","sticky":false,"template":"","format":"standard","meta":{"sfsi_plus_gutenberg_text_before_share":"","sfsi_plus_gutenberg_show_text_before_share":"","sfsi_plus_gutenberg_icon_type":"","sfsi_plus_gutenberg_icon_alignemt":"","sfsi_plus_gutenburg_max_per_row":"","footnotes":""},"categories":[50,14],"tags":[],"class_list":["post-123145","post","type-post","status-publish","format-standard","has-post-thumbnail","hentry","category-destaque","category-educacao"],"_links":{"self":[{"href":"https:\/\/www.caririemacao.com\/1\/wp-json\/wp\/v2\/posts\/123145","targetHints":{"allow":["GET"]}}],"collection":[{"href":"https:\/\/www.caririemacao.com\/1\/wp-json\/wp\/v2\/posts"}],"about":[{"href":"https:\/\/www.caririemacao.com\/1\/wp-json\/wp\/v2\/types\/post"}],"author":[{"embeddable":true,"href":"https:\/\/www.caririemacao.com\/1\/wp-json\/wp\/v2\/users\/1"}],"replies":[{"embeddable":true,"href":"https:\/\/www.caririemacao.com\/1\/wp-json\/wp\/v2\/comments?post=123145"}],"version-history":[{"count":1,"href":"https:\/\/www.caririemacao.com\/1\/wp-json\/wp\/v2\/posts\/123145\/revisions"}],"predecessor-version":[{"id":123148,"href":"https:\/\/www.caririemacao.com\/1\/wp-json\/wp\/v2\/posts\/123145\/revisions\/123148"}],"wp:featuredmedia":[{"embeddable":true,"href":"https:\/\/www.caririemacao.com\/1\/wp-json\/wp\/v2\/media\/123147"}],"wp:attachment":[{"href":"https:\/\/www.caririemacao.com\/1\/wp-json\/wp\/v2\/media?parent=123145"}],"wp:term":[{"taxonomy":"category","embeddable":true,"href":"https:\/\/www.caririemacao.com\/1\/wp-json\/wp\/v2\/categories?post=123145"},{"taxonomy":"post_tag","embeddable":true,"href":"https:\/\/www.caririemacao.com\/1\/wp-json\/wp\/v2\/tags?post=123145"}],"curies":[{"name":"wp","href":"https:\/\/api.w.org\/{rel}","templated":true}]}}