{"id":123153,"date":"2019-10-03T13:41:46","date_gmt":"2019-10-03T16:41:46","guid":{"rendered":"http:\/\/www.caririemacao.com\/1\/?p=123153"},"modified":"2019-10-03T13:41:46","modified_gmt":"2019-10-03T16:41:46","slug":"endividamento-das-familias-cresce-pelo-nono-mes","status":"publish","type":"post","link":"https:\/\/www.caririemacao.com\/1\/2019\/10\/03\/endividamento-das-familias-cresce-pelo-nono-mes\/","title":{"rendered":"Endividamento das fam\u00edlias cresce pelo nono m\u00eas"},"content":{"rendered":"\n<p>O n\u00famero de endividados aumentou em setembro, de acordo com a Confedera\u00e7\u00e3o Nacional do Com\u00e9rcio de Bens, Servi\u00e7os e Turismo (CNC). A Pesquisa de Endividamento e Inadimpl\u00eancia do Consumidor (Peic) apontou a nona alta seguida do indicador que mede o endividamento dos brasileiros: 65,1% das fam\u00edlias relataram ter d\u00edvidas, contra 64,8% em agosto e 60,7% em setembro do ano passado. Foi o maior resultado dede julho de 2013 e o terceiro maior patamar da s\u00e9rie hist\u00f3rica.<\/p>\n\n\n\n<p>Os indicadores de inadimpl\u00eancia acompanharam a alta do endividamento. O percentual de fam\u00edlias com contas ou d\u00edvidas em atraso passou a 24,5% em setembro contra 24,3% em agosto. Tamb\u00e9m houve aumento em rela\u00e7\u00e3o a setembro de 2018 (23,8%). Na faixa de menor renda, o percentual cresceu de 27,4% em agosto para 27,6% em setembro. Em contrapartida, no grupo com renda superior a dez sal\u00e1rios m\u00ednimos, o n\u00famero de inadimplentes caiu em setembro (10,8%) em rela\u00e7\u00e3o a agosto (10,9%).<\/p>\n\n\n\n<p>O percentual de fam\u00edlias que declararam n\u00e3o ter condi\u00e7\u00f5es de pagar suas contas ou d\u00edvidas em atraso, por isso permaneceriam inadimplentes, aumentou na compara\u00e7\u00e3o mensal (9,6% em setembro contra 9,5% em agosto), mas recuou na compara\u00e7\u00e3o com setembro do ano anterior (9,9%).<\/p>\n\n\n\n<p>O presidente da CNC, Jos\u00e9 Roberto Tadros, destaca que, apesar do aumento nos atrasos, as fam\u00edlias brasileiras se mostraram, na compara\u00e7\u00e3o anual, mais otimistas em rela\u00e7\u00e3o \u00e0 capacidade de pagamento: \u201cA perspectiva de renda extra com os recursos do Fundo de Garantia do Tempo de Servi\u00e7o (FGTS) ajuda a explicar esse resultado\u201d.<\/p>\n\n\n\n<p>O percentual de fam\u00edlias que se declarou muito endividadas ficou est\u00e1vel, assim como a parcela m\u00e9dia da renda comprometida com d\u00edvidas. Entre os que disseram ter d\u00edvidas, o grupo que mais apresentou aumento foi aquele que se considera pouco endividado, passando de 23,5% para 28% do total, na compara\u00e7\u00e3o com o mesmo per\u00edodo de 2018.<\/p>\n\n\n\n<p>Cart\u00e3o de cr\u00e9dito<br>Entre as modalidades de d\u00edvidas das fam\u00edlias brasileiras est\u00e3o itens como: cheque especial, carn\u00ea de loja, empr\u00e9stimo pessoal, presta\u00e7\u00f5es de carro e cart\u00e3o de cr\u00e9dito. Este \u00faltimo, inclusive, ficou em primeiro lugar como um dos principais tipos de d\u00edvida, sendo apontado por 79,5% das fam\u00edlias endividadas, seguido por carn\u00eas (15,5%) e financiamento de carro (9,7%).<\/p>\n\n\n\n<p>\u201cEntre as fam\u00edlias com faixa salarial mais baixa (at\u00e9 dez sal\u00e1rios m\u00ednimos), o cart\u00e3o de cr\u00e9dito chega a 80% dos apontamentos\u201d, ressalta a economista da CNC Marianne Hanson.<\/p>\n\n\n\n<p><strong>MaisPB<\/strong><\/p>\n","protected":false},"excerpt":{"rendered":"<p>O n\u00famero de endividados aumentou em setembro, de acordo com a Confedera\u00e7\u00e3o Nacional do Com\u00e9rcio de Bens, Servi\u00e7os e Turismo (CNC). A Pesquisa de Endividamento&hellip; <\/p>\n","protected":false},"author":1,"featured_media":10271,"comment_status":"closed","ping_status":"closed","sticky":false,"template":"","format":"standard","meta":{"sfsi_plus_gutenberg_text_before_share":"","sfsi_plus_gutenberg_show_text_before_share":"","sfsi_plus_gutenberg_icon_type":"","sfsi_plus_gutenberg_icon_alignemt":"","sfsi_plus_gutenburg_max_per_row":"","footnotes":""},"categories":[2],"tags":[],"class_list":["post-123153","post","type-post","status-publish","format-standard","has-post-thumbnail","hentry","category-geral"],"_links":{"self":[{"href":"https:\/\/www.caririemacao.com\/1\/wp-json\/wp\/v2\/posts\/123153","targetHints":{"allow":["GET"]}}],"collection":[{"href":"https:\/\/www.caririemacao.com\/1\/wp-json\/wp\/v2\/posts"}],"about":[{"href":"https:\/\/www.caririemacao.com\/1\/wp-json\/wp\/v2\/types\/post"}],"author":[{"embeddable":true,"href":"https:\/\/www.caririemacao.com\/1\/wp-json\/wp\/v2\/users\/1"}],"replies":[{"embeddable":true,"href":"https:\/\/www.caririemacao.com\/1\/wp-json\/wp\/v2\/comments?post=123153"}],"version-history":[{"count":1,"href":"https:\/\/www.caririemacao.com\/1\/wp-json\/wp\/v2\/posts\/123153\/revisions"}],"predecessor-version":[{"id":123155,"href":"https:\/\/www.caririemacao.com\/1\/wp-json\/wp\/v2\/posts\/123153\/revisions\/123155"}],"wp:featuredmedia":[{"embeddable":true,"href":"https:\/\/www.caririemacao.com\/1\/wp-json\/wp\/v2\/media\/10271"}],"wp:attachment":[{"href":"https:\/\/www.caririemacao.com\/1\/wp-json\/wp\/v2\/media?parent=123153"}],"wp:term":[{"taxonomy":"category","embeddable":true,"href":"https:\/\/www.caririemacao.com\/1\/wp-json\/wp\/v2\/categories?post=123153"},{"taxonomy":"post_tag","embeddable":true,"href":"https:\/\/www.caririemacao.com\/1\/wp-json\/wp\/v2\/tags?post=123153"}],"curies":[{"name":"wp","href":"https:\/\/api.w.org\/{rel}","templated":true}]}}