{"id":123174,"date":"2019-10-03T13:49:31","date_gmt":"2019-10-03T16:49:31","guid":{"rendered":"http:\/\/www.caririemacao.com\/1\/?p=123174"},"modified":"2019-10-03T13:49:31","modified_gmt":"2019-10-03T16:49:31","slug":"joao-azevedo-elabora-projeto-de-lei-para-dobrar-valor-do-abono-natalino-pago-na-paraiba","status":"publish","type":"post","link":"https:\/\/www.caririemacao.com\/1\/2019\/10\/03\/joao-azevedo-elabora-projeto-de-lei-para-dobrar-valor-do-abono-natalino-pago-na-paraiba\/","title":{"rendered":"Jo\u00e3o Azev\u00eado elabora projeto de lei para dobrar valor do abono natalino pago na Para\u00edba"},"content":{"rendered":"\n<p>O governador Jo\u00e3o Azev\u00eado quer dobrar o valor do abono natalino que \u00e9 pago para os benefici\u00e1rios do Bolsa Fam\u00edlia na Para\u00edba. Ele enviou um projeto de lei para a Assembleia Legislativa do Estado da Para\u00edba nesta quinta-feira (03) para modificar a lei que instituiu o pagamento do abono natalino pelo Governo do Estado.<\/p>\n\n\n\n<p>De acordo com o novo projeto de lei, o valor pago referente ao abono natalino, dever\u00e1 passar a ser de R$ 64, caso seja aprovada pela Assembleia Legislativa. A lei antiga havia estabelecido o valor de R$ 32 para o pagamento do abono natalino aos paraibanos benefici\u00e1rios do Bolsa Fam\u00edlia.<\/p>\n\n\n\n<p>Em sua justificativa, o governador Jo\u00e3o Azev\u00eado ressaltou que \u201co abono natalino foi institu\u00eddo como uma forma de buscar a melhoria na qualidade de vida da popula\u00e7\u00e3o paraibana beneficiada pelo Programa Bolsa Fam\u00edlia, em especial, os menos favorecidos\u201d. Ele defende ainda que \u201co programa injeta uma quantidade consider\u00e1vel de recursos na economia local, estimulando o com\u00e9rcio e as atividades de agricultura familiar com repercuss\u00f5es positivas na economia formal\u201d.<\/p>\n\n\n\n<p>A expectativa do governador \u00e9 que a lei possa entrar em vigor assim que for aprovada, de acordo com o texto do projeto<\/p>\n","protected":false},"excerpt":{"rendered":"<p>O governador Jo\u00e3o Azev\u00eado quer dobrar o valor do abono natalino que \u00e9 pago para os benefici\u00e1rios do Bolsa Fam\u00edlia na Para\u00edba. Ele enviou um&hellip; <\/p>\n","protected":false},"author":1,"featured_media":43180,"comment_status":"closed","ping_status":"closed","sticky":false,"template":"","format":"standard","meta":{"sfsi_plus_gutenberg_text_before_share":"","sfsi_plus_gutenberg_show_text_before_share":"","sfsi_plus_gutenberg_icon_type":"","sfsi_plus_gutenberg_icon_alignemt":"","sfsi_plus_gutenburg_max_per_row":"","footnotes":""},"categories":[50,11],"tags":[],"class_list":["post-123174","post","type-post","status-publish","format-standard","has-post-thumbnail","hentry","category-destaque","category-politica"],"_links":{"self":[{"href":"https:\/\/www.caririemacao.com\/1\/wp-json\/wp\/v2\/posts\/123174","targetHints":{"allow":["GET"]}}],"collection":[{"href":"https:\/\/www.caririemacao.com\/1\/wp-json\/wp\/v2\/posts"}],"about":[{"href":"https:\/\/www.caririemacao.com\/1\/wp-json\/wp\/v2\/types\/post"}],"author":[{"embeddable":true,"href":"https:\/\/www.caririemacao.com\/1\/wp-json\/wp\/v2\/users\/1"}],"replies":[{"embeddable":true,"href":"https:\/\/www.caririemacao.com\/1\/wp-json\/wp\/v2\/comments?post=123174"}],"version-history":[{"count":1,"href":"https:\/\/www.caririemacao.com\/1\/wp-json\/wp\/v2\/posts\/123174\/revisions"}],"predecessor-version":[{"id":123177,"href":"https:\/\/www.caririemacao.com\/1\/wp-json\/wp\/v2\/posts\/123174\/revisions\/123177"}],"wp:featuredmedia":[{"embeddable":true,"href":"https:\/\/www.caririemacao.com\/1\/wp-json\/wp\/v2\/media\/43180"}],"wp:attachment":[{"href":"https:\/\/www.caririemacao.com\/1\/wp-json\/wp\/v2\/media?parent=123174"}],"wp:term":[{"taxonomy":"category","embeddable":true,"href":"https:\/\/www.caririemacao.com\/1\/wp-json\/wp\/v2\/categories?post=123174"},{"taxonomy":"post_tag","embeddable":true,"href":"https:\/\/www.caririemacao.com\/1\/wp-json\/wp\/v2\/tags?post=123174"}],"curies":[{"name":"wp","href":"https:\/\/api.w.org\/{rel}","templated":true}]}}