{"id":123192,"date":"2019-10-03T13:58:39","date_gmt":"2019-10-03T16:58:39","guid":{"rendered":"http:\/\/www.caririemacao.com\/1\/?p=123192"},"modified":"2019-10-03T13:58:39","modified_gmt":"2019-10-03T16:58:39","slug":"tv-globo-encerra-sinal-nacional-na-parabolica-e-libera-programacoes-locais-na-paraiba","status":"publish","type":"post","link":"https:\/\/www.caririemacao.com\/1\/2019\/10\/03\/tv-globo-encerra-sinal-nacional-na-parabolica-e-libera-programacoes-locais-na-paraiba\/","title":{"rendered":"TV Globo encerra sinal nacional na parab\u00f3lica e libera programa\u00e7\u00f5es locais na Para\u00edba"},"content":{"rendered":"\n<p>A TV Globo ir\u00e1 promover uma mudan\u00e7a no seu sinal dispon\u00edvel em antenas parab\u00f3licas nas pr\u00f3ximas semanas. A partir do dia 14 de outubro, a emissora carioca ir\u00e1 acabar com seu feed nacional \u2013 Sat HD \u2013 pela plataforma e vai liberar a programa\u00e7\u00e3o local nos estados.<\/p>\n\n\n\n<p>At\u00e9 ent\u00e3o, o canal fornece o sinal da Globo Rio. Isso significa que todas as regi\u00f5es do pa\u00eds acabam por receber o que a emissora transmite para o Rio de Janeiro, sem os telejornais locais, por exemplo.<\/p>\n\n\n\n<p>Com a mudan\u00e7a, a Para\u00edba come\u00e7ar\u00e1 a assistir \u00e0 Globo Nordeste, como tamb\u00e9m os Estados do Rio Grande do Norte, Piau\u00ed, Alagoas e Sergipe.<br><\/p>\n\n\n\n<p>O estado do Esp\u00edrito Santo passar\u00e1 a ter o sinal da Globo Minas, de Belo Horizonte. J\u00e1 Tocantins contar\u00e1 com a TV Anhanguera de Goi\u00e2nia.<\/p>\n\n\n\n<p>Os locais onde o sinal de afiliadas regionais j\u00e1 estava dispon\u00edvel continuar\u00e3o a receb\u00ea-los. Em contrapartida, as demais regi\u00f5es ter\u00e3o no lugar do Sat HD o final da TV Globo de S\u00e3o Paulo.<br>At\u00e9 o momento, n\u00e3o foi divulgado como ficar\u00e3o os canais das parab\u00f3licas anal\u00f3gicas, uma vez que o divulgado tem rela\u00e7\u00e3o com o sinal em alta defini\u00e7\u00e3o dos modelos digitais.<\/p>\n\n\n\n<p>Vale lembrar que a Globo tem realizado transmiss\u00e3o do Rock in Rio 2019 em realidade virtual com \u00e1udio 3D, em parceria com a Qualcomm.<\/p>\n","protected":false},"excerpt":{"rendered":"<p>A TV Globo ir\u00e1 promover uma mudan\u00e7a no seu sinal dispon\u00edvel em antenas parab\u00f3licas nas pr\u00f3ximas semanas. A partir do dia 14 de outubro, a&hellip; <\/p>\n","protected":false},"author":1,"featured_media":74793,"comment_status":"closed","ping_status":"closed","sticky":false,"template":"","format":"standard","meta":{"sfsi_plus_gutenberg_text_before_share":"","sfsi_plus_gutenberg_show_text_before_share":"","sfsi_plus_gutenberg_icon_type":"","sfsi_plus_gutenberg_icon_alignemt":"","sfsi_plus_gutenburg_max_per_row":"","footnotes":""},"categories":[50,2],"tags":[],"class_list":["post-123192","post","type-post","status-publish","format-standard","has-post-thumbnail","hentry","category-destaque","category-geral"],"_links":{"self":[{"href":"https:\/\/www.caririemacao.com\/1\/wp-json\/wp\/v2\/posts\/123192","targetHints":{"allow":["GET"]}}],"collection":[{"href":"https:\/\/www.caririemacao.com\/1\/wp-json\/wp\/v2\/posts"}],"about":[{"href":"https:\/\/www.caririemacao.com\/1\/wp-json\/wp\/v2\/types\/post"}],"author":[{"embeddable":true,"href":"https:\/\/www.caririemacao.com\/1\/wp-json\/wp\/v2\/users\/1"}],"replies":[{"embeddable":true,"href":"https:\/\/www.caririemacao.com\/1\/wp-json\/wp\/v2\/comments?post=123192"}],"version-history":[{"count":1,"href":"https:\/\/www.caririemacao.com\/1\/wp-json\/wp\/v2\/posts\/123192\/revisions"}],"predecessor-version":[{"id":123193,"href":"https:\/\/www.caririemacao.com\/1\/wp-json\/wp\/v2\/posts\/123192\/revisions\/123193"}],"wp:featuredmedia":[{"embeddable":true,"href":"https:\/\/www.caririemacao.com\/1\/wp-json\/wp\/v2\/media\/74793"}],"wp:attachment":[{"href":"https:\/\/www.caririemacao.com\/1\/wp-json\/wp\/v2\/media?parent=123192"}],"wp:term":[{"taxonomy":"category","embeddable":true,"href":"https:\/\/www.caririemacao.com\/1\/wp-json\/wp\/v2\/categories?post=123192"},{"taxonomy":"post_tag","embeddable":true,"href":"https:\/\/www.caririemacao.com\/1\/wp-json\/wp\/v2\/tags?post=123192"}],"curies":[{"name":"wp","href":"https:\/\/api.w.org\/{rel}","templated":true}]}}