{"id":123196,"date":"2019-10-03T14:01:37","date_gmt":"2019-10-03T17:01:37","guid":{"rendered":"http:\/\/www.caririemacao.com\/1\/?p=123196"},"modified":"2019-10-03T14:01:37","modified_gmt":"2019-10-03T17:01:37","slug":"medo-do-desemprego-cai-e-satisfacao-com-a-vida-aumenta-no-pais","status":"publish","type":"post","link":"https:\/\/www.caririemacao.com\/1\/2019\/10\/03\/medo-do-desemprego-cai-e-satisfacao-com-a-vida-aumenta-no-pais\/","title":{"rendered":"Medo do desemprego cai e satisfa\u00e7\u00e3o com a vida aumenta no pa\u00eds"},"content":{"rendered":"\n<p><br>Depois de dois aumentos consecutivos, o \u00cdndice de Medo do Desemprego caiu 1,1 ponto em rela\u00e7\u00e3o a junho e ficou em 58,2 pontos em setembro. Com isso, o indicador est\u00e1 7,5 pontos abaixo do registrado em setembro do ano passado.<\/p>\n\n\n\n<p>Mesmo assim, continua acima da m\u00e9dia hist\u00f3rica, que \u00e9 de 50,1 pontos. As informa\u00e7\u00f5es s\u00e3o de pesquisa divulgada hoje (3) pela Confedera\u00e7\u00e3o Nacional da Ind\u00fastria (CNI). O indicador varia de zero a cem pontos. Quanto mais alto o \u00edndice, maior \u00e9 o medo do desemprego.<\/p>\n\n\n\n<p>A maior queda no medo do desemprego foi verificada entre as pessoas com menor escolaridade e renda. Entre os que t\u00eam at\u00e9 a quarta s\u00e9rie do ensino fundamental, o indicador caiu 5,4 pontos e saiu de 65,1 pontos em junho para 59,7 em setembro. Entre os que recebem at\u00e9 um sal\u00e1rio m\u00ednimo, o medo do desemprego recuou 4 pontos, passando de 72,8 em junho para 68,8 em setembro.<\/p>\n\n\n\n<figure class=\"wp-block-image\"><img decoding=\"async\" data-src=\"https:\/\/paraibaonline.com.br\/wp-content\/uploads\/2019\/05\/populacao-emprego0605.jpg\" alt=\"Foto: Wilson Dias\/Ag\u00eancia Brasil\" class=\"wp-image-734949 lazyload\" src=\"data:image\/svg+xml;base64,PHN2ZyB3aWR0aD0iMSIgaGVpZ2h0PSIxIiB4bWxucz0iaHR0cDovL3d3dy53My5vcmcvMjAwMC9zdmciPjwvc3ZnPg==\" \/><\/figure>\n\n\n\n<p>Foto: Wilson Dias\/Ag\u00eancia Brasil<\/p>\n\n\n\n<p>O medo do desemprego \u00e9 maior entre os moradores da regi\u00e3o Nordeste, onde alcan\u00e7ou 69,7 pontos \u2013 a regi\u00e3o foi a \u00fanica a registrar aumento do medo do desemprego em setembro. O medo \u00e9 menor no Sul, onde o indicador ficou em 47,7 pontos. No Sudeste, foi de 58,5 pontos e, no Norte\/Centro-Oeste, de 49,3 pontos.<\/p>\n\n\n\n<p><strong>Satisfa\u00e7\u00e3o com a vida<\/strong><\/p>\n\n\n\n<p>A pesquisa tamb\u00e9m mostra o grau de satisfa\u00e7\u00e3o dos brasileiros com a vida. O \u00edndice de satisfa\u00e7\u00e3o com a vida alcan\u00e7ou 69 pontos em setembro, 1,6 ponto acima do de junho.<\/p>\n\n\n\n<p>O indicador, que \u00e9 3,1 pontos superior ao de setembro do ano passado, tamb\u00e9m est\u00e1 abaixo da m\u00e9dia hist\u00f3rica de 69,6 pontos.<\/p>\n\n\n\n<p>A satisfa\u00e7\u00e3o com a vida aumentou em todas as regi\u00f5es do pa\u00eds. A satisfa\u00e7\u00e3o com a vida \u00e9 maior no Sul, onde alcan\u00e7ou 71 pontos. No Nordeste ficou em 68,1 pontos, no Sudeste foi de 68,8 pontos e, no Norte\/Centro-Oeste, de 68,6 pontos.<\/p>\n\n\n\n<p>Esta edi\u00e7\u00e3o da pesquisa trimestral ouviu 2 mil pessoas em 126 munic\u00edpios entre os dias 19 e 22 de setembro.<\/p>\n","protected":false},"excerpt":{"rendered":"<p>Depois de dois aumentos consecutivos, o \u00cdndice de Medo do Desemprego caiu 1,1 ponto em rela\u00e7\u00e3o a junho e ficou em 58,2 pontos em setembro.&hellip; <\/p>\n","protected":false},"author":1,"featured_media":123198,"comment_status":"closed","ping_status":"closed","sticky":false,"template":"","format":"standard","meta":{"sfsi_plus_gutenberg_text_before_share":"","sfsi_plus_gutenberg_show_text_before_share":"","sfsi_plus_gutenberg_icon_type":"","sfsi_plus_gutenberg_icon_alignemt":"","sfsi_plus_gutenburg_max_per_row":"","footnotes":""},"categories":[11],"tags":[],"class_list":["post-123196","post","type-post","status-publish","format-standard","has-post-thumbnail","hentry","category-politica"],"_links":{"self":[{"href":"https:\/\/www.caririemacao.com\/1\/wp-json\/wp\/v2\/posts\/123196","targetHints":{"allow":["GET"]}}],"collection":[{"href":"https:\/\/www.caririemacao.com\/1\/wp-json\/wp\/v2\/posts"}],"about":[{"href":"https:\/\/www.caririemacao.com\/1\/wp-json\/wp\/v2\/types\/post"}],"author":[{"embeddable":true,"href":"https:\/\/www.caririemacao.com\/1\/wp-json\/wp\/v2\/users\/1"}],"replies":[{"embeddable":true,"href":"https:\/\/www.caririemacao.com\/1\/wp-json\/wp\/v2\/comments?post=123196"}],"version-history":[{"count":1,"href":"https:\/\/www.caririemacao.com\/1\/wp-json\/wp\/v2\/posts\/123196\/revisions"}],"predecessor-version":[{"id":123199,"href":"https:\/\/www.caririemacao.com\/1\/wp-json\/wp\/v2\/posts\/123196\/revisions\/123199"}],"wp:featuredmedia":[{"embeddable":true,"href":"https:\/\/www.caririemacao.com\/1\/wp-json\/wp\/v2\/media\/123198"}],"wp:attachment":[{"href":"https:\/\/www.caririemacao.com\/1\/wp-json\/wp\/v2\/media?parent=123196"}],"wp:term":[{"taxonomy":"category","embeddable":true,"href":"https:\/\/www.caririemacao.com\/1\/wp-json\/wp\/v2\/categories?post=123196"},{"taxonomy":"post_tag","embeddable":true,"href":"https:\/\/www.caririemacao.com\/1\/wp-json\/wp\/v2\/tags?post=123196"}],"curies":[{"name":"wp","href":"https:\/\/api.w.org\/{rel}","templated":true}]}}