{"id":123203,"date":"2019-10-03T14:05:44","date_gmt":"2019-10-03T17:05:44","guid":{"rendered":"http:\/\/www.caririemacao.com\/1\/?p=123203"},"modified":"2019-10-03T14:05:44","modified_gmt":"2019-10-03T17:05:44","slug":"governador-ministra-palestra-sobre-gestao-da-seguranca-publica-da-paraiba","status":"publish","type":"post","link":"https:\/\/www.caririemacao.com\/1\/2019\/10\/03\/governador-ministra-palestra-sobre-gestao-da-seguranca-publica-da-paraiba\/","title":{"rendered":"Governador ministra palestra sobre gest\u00e3o da Seguran\u00e7a P\u00fablica da Para\u00edba"},"content":{"rendered":"\n<p>O governador Jo\u00e3o Azev\u00eado ministrou, nesta quinta-feira (3), na Assembleia Legislativa de Pernambuco, palestra sobre a gest\u00e3o do sistema de seguran\u00e7a p\u00fablica da Para\u00edba.<\/p>\n\n\n\n<p>O semin\u00e1rio, promovido pela Uni\u00e3o Nacional dos Legisladores e Legislativos Estaduais (Unale), reuniu deputados estaduais, secret\u00e1rios de Governos e representantes das For\u00e7as de Seguran\u00e7a de v\u00e1rios Estados do pa\u00eds.<\/p>\n\n\n\n<p>Durante sua apresenta\u00e7\u00e3o, o chefe do Executivo da Para\u00edba destacou as principais pol\u00edticas p\u00fablicas implantadas no Estado para aprimorar a gest\u00e3o de seguran\u00e7a e reduzir os n\u00fameros da viol\u00eancia.<\/p>\n\n\n\n<p>\u201cN\u00f3s aumentamos os recursos destinados para a \u00e1rea, investindo fortemente em equipamentos, em intelig\u00eancia e em pessoal. Apenas no primeiro semestre deste ano, n\u00f3s j\u00e1 pagamos mais de R$ 12 milh\u00f5es em premia\u00e7\u00f5es aos nossos policiais que t\u00eam realizado um grande trabalho\u201d, citou.<\/p>\n\n\n\n<figure class=\"wp-block-image\"><img decoding=\"async\" data-src=\"https:\/\/paraibaonline.com.br\/wp-content\/uploads\/2019\/10\/unnamed-12.jpg\" alt=\"Foto: Francisco Fran\u00e7a\/Secom\/PB\" class=\"wp-image-810542 lazyload\" src=\"data:image\/svg+xml;base64,PHN2ZyB3aWR0aD0iMSIgaGVpZ2h0PSIxIiB4bWxucz0iaHR0cDovL3d3dy53My5vcmcvMjAwMC9zdmciPjwvc3ZnPg==\" \/><\/figure>\n\n\n\n<p>Foto: Francisco Fran\u00e7a\/Secom\/PB<\/p>\n\n\n\n<p>Jo\u00e3o Azev\u00eado tamb\u00e9m ressaltou a licita\u00e7\u00e3o para a implanta\u00e7\u00e3o dos Centros Integrados de Comando e Controle (CICC) em Jo\u00e3o Pessoa, Campina Grande e Patos, que somam recursos de R$ 40 milh\u00f5es.<\/p>\n\n\n\n<p>\u201cCatorze \u00f3rg\u00e3os estar\u00e3o presentes nesses Centros. Vamos instalar 1.300 c\u00e2meras de seguran\u00e7a em locais estrat\u00e9gicos do Estado, que permitir\u00e3o reconhecimento facial, identifica\u00e7\u00e3o de placas de ve\u00edculos e de cargas\u201d, explicou.<\/p>\n\n\n\n<p>Ele ressaltou as a\u00e7\u00f5es da Patrulha Maria da Penha que t\u00eam contribu\u00eddo com a redu\u00e7\u00e3o de crimes contra a mulher no Estado e as pol\u00edticas de educa\u00e7\u00e3o, como a implanta\u00e7\u00e3o e expans\u00e3o das Escolas Cidad\u00e3s Integrais, que refletem diretamente nos n\u00fameros da seguran\u00e7a.<\/p>\n\n\n\n<p>\u201cMais de 45 mil alunos est\u00e3o sendo beneficiados, o que \u00e9 fundamental porque os jovens desenvolvem seus projetos de vida; com essa metodologia, cerca de 95% desses estudantes se inscrevem no Enem e t\u00eam uma nova perspectiva de vida\u201d, pontuou.<\/p>\n\n\n\n<p>O gestor ainda defendeu a efetiva\u00e7\u00e3o do plano nacional de seguran\u00e7a. \u201cN\u00f3s precisamos de financiamento para a seguran\u00e7a p\u00fablica e existe um fundo com 70% do valor contingenciado, o que nos preocupa. N\u00f3s queremos discutir com a Uni\u00e3o caminhos para ter uma pol\u00edtica nacional integrada para que os resultados aconte\u00e7am da melhor maneira poss\u00edvel\u201d, observou.<\/p>\n\n\n\n<p>Por fim, ele fez uma avalia\u00e7\u00e3o positiva do evento. \u201cPoder participar desse momento, ao lado de deputados estaduais de todo o Brasil, \u00e9 extremamente importante porque \u00e9 uma oportunidade de compartilhar experi\u00eancias bem sucedidas. A Para\u00edba \u00e9 o \u00fanico Estado do Brasil que reduziu sistematicamente, ao longo de sete anos e nove meses, os n\u00fameros da viol\u00eancia e n\u00f3s trabalhamos para avan\u00e7ar ainda mais\u201d, finalizou.<\/p>\n\n\n\n<p>O presidente da Unale, Kennedy Nunes, ressaltou a import\u00e2ncia do evento para a unifica\u00e7\u00e3o de ideias e projetos para a seguran\u00e7a.<\/p>\n\n\n\n<p>\u201cO nosso objetivo foi de trocar experi\u00eancias para elaborar um documento que se transforme em algo eficaz para os cidad\u00e3os\u201d, explicou.<\/p>\n\n\n\n<p>As propostas consolidadas no encontro foram: maior integra\u00e7\u00e3o entre as entidades, institui\u00e7\u00f5es, for\u00e7as armadas e poder p\u00fablico para implanta\u00e7\u00e3o de pol\u00edticas de seguran\u00e7a, maior participa\u00e7\u00e3o da Uni\u00e3o no financiamento de a\u00e7\u00f5es de seguran\u00e7a, maior defini\u00e7\u00e3o das compet\u00eancias dos agentes de seguran\u00e7a, em especial na \u00e1rea de fronteiras, defini\u00e7\u00e3o de percentual m\u00ednimo de financiamento do ensino integral nos munic\u00edpios e Estados atrav\u00e9s dos recursos do Fundeb e retorno do Minist\u00e9rio da Seguran\u00e7a, proposta apresentada pelo governador Jo\u00e3o Azev\u00eado.<\/p>\n\n\n\n<p>\u201c\u00c9 fundamental que a gente tenha uma interlocu\u00e7\u00e3o direta com algu\u00e9m dedicado ao estudo e acompanhamento de pol\u00edticas p\u00fablicas integradas na \u00e1rea\u201d, avaliou o governador.<\/p>\n\n\n\n<p>A palestra foi mediada pelo deputado estadual e vice-presidente da Unale, Ricardo Barbosa, e contou com as presen\u00e7as do presidente da Assembleia Legislativa da Para\u00edba, Adriano Galdino, e de parlamentares paraibanos.<\/p>\n","protected":false},"excerpt":{"rendered":"<p>O governador Jo\u00e3o Azev\u00eado ministrou, nesta quinta-feira (3), na Assembleia Legislativa de Pernambuco, palestra sobre a gest\u00e3o do sistema de seguran\u00e7a p\u00fablica da Para\u00edba. O&hellip; <\/p>\n","protected":false},"author":1,"featured_media":123206,"comment_status":"closed","ping_status":"closed","sticky":false,"template":"","format":"standard","meta":{"sfsi_plus_gutenberg_text_before_share":"","sfsi_plus_gutenberg_show_text_before_share":"","sfsi_plus_gutenberg_icon_type":"","sfsi_plus_gutenberg_icon_alignemt":"","sfsi_plus_gutenburg_max_per_row":"","footnotes":""},"categories":[11],"tags":[],"class_list":["post-123203","post","type-post","status-publish","format-standard","has-post-thumbnail","hentry","category-politica"],"_links":{"self":[{"href":"https:\/\/www.caririemacao.com\/1\/wp-json\/wp\/v2\/posts\/123203","targetHints":{"allow":["GET"]}}],"collection":[{"href":"https:\/\/www.caririemacao.com\/1\/wp-json\/wp\/v2\/posts"}],"about":[{"href":"https:\/\/www.caririemacao.com\/1\/wp-json\/wp\/v2\/types\/post"}],"author":[{"embeddable":true,"href":"https:\/\/www.caririemacao.com\/1\/wp-json\/wp\/v2\/users\/1"}],"replies":[{"embeddable":true,"href":"https:\/\/www.caririemacao.com\/1\/wp-json\/wp\/v2\/comments?post=123203"}],"version-history":[{"count":1,"href":"https:\/\/www.caririemacao.com\/1\/wp-json\/wp\/v2\/posts\/123203\/revisions"}],"predecessor-version":[{"id":123207,"href":"https:\/\/www.caririemacao.com\/1\/wp-json\/wp\/v2\/posts\/123203\/revisions\/123207"}],"wp:featuredmedia":[{"embeddable":true,"href":"https:\/\/www.caririemacao.com\/1\/wp-json\/wp\/v2\/media\/123206"}],"wp:attachment":[{"href":"https:\/\/www.caririemacao.com\/1\/wp-json\/wp\/v2\/media?parent=123203"}],"wp:term":[{"taxonomy":"category","embeddable":true,"href":"https:\/\/www.caririemacao.com\/1\/wp-json\/wp\/v2\/categories?post=123203"},{"taxonomy":"post_tag","embeddable":true,"href":"https:\/\/www.caririemacao.com\/1\/wp-json\/wp\/v2\/tags?post=123203"}],"curies":[{"name":"wp","href":"https:\/\/api.w.org\/{rel}","templated":true}]}}