{"id":123211,"date":"2019-10-03T14:08:16","date_gmt":"2019-10-03T17:08:16","guid":{"rendered":"http:\/\/www.caririemacao.com\/1\/?p=123211"},"modified":"2019-10-03T14:08:16","modified_gmt":"2019-10-03T17:08:16","slug":"justica-autoriza-estreia-do-goleiro-bruno-em-novo-time","status":"publish","type":"post","link":"https:\/\/www.caririemacao.com\/1\/2019\/10\/03\/justica-autoriza-estreia-do-goleiro-bruno-em-novo-time\/","title":{"rendered":"Justi\u00e7a autoriza estreia do goleiro Bruno em novo time"},"content":{"rendered":"\n<p>(FOLHAPRESS) \u2013 O goleiro Bruno Fernandes, 34, conseguiu autoriza\u00e7\u00e3o da Justi\u00e7a e para estrear pelo Po\u00e7os de Caldas FC no pr\u00f3ximo s\u00e1bado (5). O time \u00e9 o segundo do ex-atleta do Flamengo desde que foi condenado pelo assassinato da ex-namorada, Eliza Samudio -o primeiro foi o Boa Esporte, em 2017.<\/p>\n\n\n\n<p>A informa\u00e7\u00e3o foi divulgado pelo Po\u00e7os de Caldas nesta quarta-feira (2) e confirmada \u00e0 Folha pela advogada de Bruno, Mariana Migliorini. A estreia ser\u00e1 no est\u00e1dio Benedito Bandola de Oliveira, o Bandol\u00e3o, contra o Independente de Juruaia, tamb\u00e9m de Minas Gerais, \u00e0s 15h. Ingressos ser\u00e3o vendidos por R$ 10.<\/p>\n\n\n\n<p>Segundo o clube, a contrata\u00e7\u00e3o de Bruno enfrentou \u201cquest\u00f5es judiciais, junto \u00e0 Federa\u00e7\u00e3o Mineira de Futebol (FMF)\u201d.<\/p>\n\n\n\n<p>Inicialmente, a partida seria contra o Uni\u00e3o Mogi, de Mogi das Cruzes (SP), no domingo (6). O jogo foi antecipado em raz\u00e3o da data autorizada pelo juiz para a viagem de Bruno, o que deu problema em agendas. Ser\u00e1 o primeiro amistoso do Po\u00e7os neste ano.<\/p>\n\n\n\n<p>Ainda segundo o clube, Bruno segue morando em Varginha (MG), a 153 km de dist\u00e2ncia de Po\u00e7os de Caldas, e precisar\u00e1 pedir nova autoriza\u00e7\u00e3o judicial para viajar para cada jogo.<\/p>\n\n\n\n<p>Na decis\u00e3o que autorizou a estreia, o juiz libera a sa\u00edda de Bruno de Varginha \u00e0s 6h e abre exce\u00e7\u00e3o para que retorne \u00e0 cidade \u00e0s 21h -pelas regras do semiaberto, ele deve estar em casa \u00e0s 20h. O documento foi assinado na ter\u00e7a-feira (1\u00ba) e se baseia fundamentada pelo parecer favor\u00e1vel do Minist\u00e9rio P\u00fablico.<\/p>\n\n\n\n<p>O goleiro tem treinado em uma academia da cidade e em um espa\u00e7o no Campo do Bonsucesso, locado pelo Po\u00e7os de Caldas. Neste momento, a equipe n\u00e3o disputa nenhuma competi\u00e7\u00e3o oficial (a \u00faltima disputada pelo clube foi a terceira divis\u00e3o de Minas Gerais, que s\u00f3 come\u00e7a novamente em 2020). O time n\u00e3o revelou o valor do sal\u00e1rio do atleta.<\/p>\n\n\n\n<p>\u201cEu considero ele um dos melhores goleiros do Brasil e quero que meu time suba. Por isso ele faz parte do Po\u00e7os de Caldas Futebol Clube\u201d, disse o presidente do clube, Paulo C\u00e9sar da Silva.<\/p>\n\n\n\n<p>Bruno cumpre pena de 20 anos e nove meses pelo assassinato de Eliza, ocorrido em 2010. Em julho, ele conseguiu voltar ao regime semiaberto, que autoriza que possa trabalhar durante o dia. O contrato com o Vulc\u00e3o foi assinado em agosto, mas s\u00f3 autorizado agora pela comarca de Varginha.<\/p>\n\n\n\n<p>A pena inicial era de 22 anos e tr\u00eas meses, mas foi reduzida pela prescri\u00e7\u00e3o do crime de oculta\u00e7\u00e3o de cad\u00e1ver. Em setembro de 2017, o Tribunal de Justi\u00e7a de Minas Gerais validou a certid\u00e3o de \u00f3bito de Eliza. O corpo dela nunca foi encontrado.<\/p>\n\n\n\n<p>Ao jornal Folha de S.Paulo, o diretor da Kuatiloko, torcida organizada mais antiga do Po\u00e7os de Caldas FC, disse que devem preparar um canto para ele.<\/p>\n\n\n\n<p>\u201cClaro que [a contrata\u00e7\u00e3o de Bruno] gera pol\u00eamica e at\u00e9 mesmo revolta na sociedade. Aqui na cidade, n\u00e3o foi diferente. H\u00e1 os que criticam e os que s\u00e3o a favor\u201d, afirmou Leonardo Santos, no fim de agosto. \u201cNossa parte como torcida \u00e9 apoiar o clube em quaisquer circunst\u00e2ncias.<\/p>\n","protected":false},"excerpt":{"rendered":"<p>(FOLHAPRESS) \u2013 O goleiro Bruno Fernandes, 34, conseguiu autoriza\u00e7\u00e3o da Justi\u00e7a e para estrear pelo Po\u00e7os de Caldas FC no pr\u00f3ximo s\u00e1bado (5). O time&hellip; <\/p>\n","protected":false},"author":1,"featured_media":123214,"comment_status":"closed","ping_status":"closed","sticky":false,"template":"","format":"standard","meta":{"sfsi_plus_gutenberg_text_before_share":"","sfsi_plus_gutenberg_show_text_before_share":"","sfsi_plus_gutenberg_icon_type":"","sfsi_plus_gutenberg_icon_alignemt":"","sfsi_plus_gutenburg_max_per_row":"","footnotes":""},"categories":[13],"tags":[],"class_list":["post-123211","post","type-post","status-publish","format-standard","has-post-thumbnail","hentry","category-esportes"],"_links":{"self":[{"href":"https:\/\/www.caririemacao.com\/1\/wp-json\/wp\/v2\/posts\/123211","targetHints":{"allow":["GET"]}}],"collection":[{"href":"https:\/\/www.caririemacao.com\/1\/wp-json\/wp\/v2\/posts"}],"about":[{"href":"https:\/\/www.caririemacao.com\/1\/wp-json\/wp\/v2\/types\/post"}],"author":[{"embeddable":true,"href":"https:\/\/www.caririemacao.com\/1\/wp-json\/wp\/v2\/users\/1"}],"replies":[{"embeddable":true,"href":"https:\/\/www.caririemacao.com\/1\/wp-json\/wp\/v2\/comments?post=123211"}],"version-history":[{"count":1,"href":"https:\/\/www.caririemacao.com\/1\/wp-json\/wp\/v2\/posts\/123211\/revisions"}],"predecessor-version":[{"id":123215,"href":"https:\/\/www.caririemacao.com\/1\/wp-json\/wp\/v2\/posts\/123211\/revisions\/123215"}],"wp:featuredmedia":[{"embeddable":true,"href":"https:\/\/www.caririemacao.com\/1\/wp-json\/wp\/v2\/media\/123214"}],"wp:attachment":[{"href":"https:\/\/www.caririemacao.com\/1\/wp-json\/wp\/v2\/media?parent=123211"}],"wp:term":[{"taxonomy":"category","embeddable":true,"href":"https:\/\/www.caririemacao.com\/1\/wp-json\/wp\/v2\/categories?post=123211"},{"taxonomy":"post_tag","embeddable":true,"href":"https:\/\/www.caririemacao.com\/1\/wp-json\/wp\/v2\/tags?post=123211"}],"curies":[{"name":"wp","href":"https:\/\/api.w.org\/{rel}","templated":true}]}}