{"id":123218,"date":"2019-10-03T14:12:48","date_gmt":"2019-10-03T17:12:48","guid":{"rendered":"http:\/\/www.caririemacao.com\/1\/?p=123218"},"modified":"2019-10-03T14:12:48","modified_gmt":"2019-10-03T17:12:48","slug":"ministro-critica-estados-que-nao-aderiram-ao-projeto-de-escolas-militares-do-governo-bolsonaro-muita-gente-quer","status":"publish","type":"post","link":"https:\/\/www.caririemacao.com\/1\/2019\/10\/03\/ministro-critica-estados-que-nao-aderiram-ao-projeto-de-escolas-militares-do-governo-bolsonaro-muita-gente-quer\/","title":{"rendered":"Ministro critica Estados que n\u00e3o aderiram ao projeto de Escolas Militares do Governo Bolsonaro: \u201cMuita gente quer\u201d"},"content":{"rendered":"\n<p>O&nbsp;ministro da Educa\u00e7\u00e3o, Abraham Weintraub, gravou mais um v\u00eddeo onde critica os Estados que n\u00e3o aderiam ao projeto de Escolas Militares proposto pelo Governo Bolsonaro (PSL).<\/p>\n\n\n\n<p>S\u00e3o Paulo, Rio de Janeiro e 8 Estados do Nordeste, dentre eles a&nbsp;Para\u00edba,&nbsp; optaram pela n\u00e3o ades\u00e3o ao modelo de escola militar. &nbsp;Ao todo, 15 Estados e o Distrito Federal decidiram aderir ao modelo.<\/p>\n\n\n\n<p>\u201cN\u00e3o vai faltar demanda. A fila \u00e9 longa. Muita gente quer\u201d, garantiu o ministro ao lado de um deputado Paran\u00e1.<\/p>\n","protected":false},"excerpt":{"rendered":"<p>O&nbsp;ministro da Educa\u00e7\u00e3o, Abraham Weintraub, gravou mais um v\u00eddeo onde critica os Estados que n\u00e3o aderiam ao projeto de Escolas Militares proposto pelo Governo Bolsonaro&hellip; <\/p>\n","protected":false},"author":1,"featured_media":123222,"comment_status":"closed","ping_status":"closed","sticky":false,"template":"","format":"standard","meta":{"sfsi_plus_gutenberg_text_before_share":"","sfsi_plus_gutenberg_show_text_before_share":"","sfsi_plus_gutenberg_icon_type":"","sfsi_plus_gutenberg_icon_alignemt":"","sfsi_plus_gutenburg_max_per_row":"","footnotes":""},"categories":[11],"tags":[],"class_list":["post-123218","post","type-post","status-publish","format-standard","has-post-thumbnail","hentry","category-politica"],"_links":{"self":[{"href":"https:\/\/www.caririemacao.com\/1\/wp-json\/wp\/v2\/posts\/123218","targetHints":{"allow":["GET"]}}],"collection":[{"href":"https:\/\/www.caririemacao.com\/1\/wp-json\/wp\/v2\/posts"}],"about":[{"href":"https:\/\/www.caririemacao.com\/1\/wp-json\/wp\/v2\/types\/post"}],"author":[{"embeddable":true,"href":"https:\/\/www.caririemacao.com\/1\/wp-json\/wp\/v2\/users\/1"}],"replies":[{"embeddable":true,"href":"https:\/\/www.caririemacao.com\/1\/wp-json\/wp\/v2\/comments?post=123218"}],"version-history":[{"count":1,"href":"https:\/\/www.caririemacao.com\/1\/wp-json\/wp\/v2\/posts\/123218\/revisions"}],"predecessor-version":[{"id":123223,"href":"https:\/\/www.caririemacao.com\/1\/wp-json\/wp\/v2\/posts\/123218\/revisions\/123223"}],"wp:featuredmedia":[{"embeddable":true,"href":"https:\/\/www.caririemacao.com\/1\/wp-json\/wp\/v2\/media\/123222"}],"wp:attachment":[{"href":"https:\/\/www.caririemacao.com\/1\/wp-json\/wp\/v2\/media?parent=123218"}],"wp:term":[{"taxonomy":"category","embeddable":true,"href":"https:\/\/www.caririemacao.com\/1\/wp-json\/wp\/v2\/categories?post=123218"},{"taxonomy":"post_tag","embeddable":true,"href":"https:\/\/www.caririemacao.com\/1\/wp-json\/wp\/v2\/tags?post=123218"}],"curies":[{"name":"wp","href":"https:\/\/api.w.org\/{rel}","templated":true}]}}