{"id":123226,"date":"2019-10-03T14:21:37","date_gmt":"2019-10-03T17:21:37","guid":{"rendered":"http:\/\/www.caririemacao.com\/1\/?p=123226"},"modified":"2019-10-03T14:21:47","modified_gmt":"2019-10-03T17:21:47","slug":"em-sume-secretaria-de-assistencia-social-comemora-dia-do-idoso","status":"publish","type":"post","link":"https:\/\/www.caririemacao.com\/1\/2019\/10\/03\/em-sume-secretaria-de-assistencia-social-comemora-dia-do-idoso\/","title":{"rendered":"Em Sum\u00e9: Secretaria de Assist\u00eancia Social comemora Dia do Idoso"},"content":{"rendered":"\n<p>O Dia do Idoso \u00e9 comemorado anualmente no Brasil no dia 1\u00b0 de outubro. O aumento da popula\u00e7\u00e3o idosa e da expectativa de vida faz com que a Prefeitura de Sum\u00e9, tenha um olhar especial para o p\u00fablico da terceira idade.<\/p>\n\n\n\n<p>Para comemorar a data, a Secretaria de Assist\u00eancia Social de Sum\u00e9 realizou algumas atividades neste dia. Na pra\u00e7a Jos\u00e9 Am\u00e9rico, o Grupo de idosos Alegria de Viver recebeu caf\u00e9 da manh\u00e3, aula de zumba, dan\u00e7a, cantigas de rosas e ganhou brindes. &#x2615;&#xfe0f;&#x1f956;&#x1f96e;&#x1f349;&#x1f34c;&#x1f347;<\/p>\n\n\n\n<p>Dona Ilda, 71 anos, falou da satisfa\u00e7\u00e3o em comemorar o seu dia. &#8220;Foi uma surpresa maravilhosa, sempre que venho aqui me sinto bem. Todos da gest\u00e3o tem uma grande dedica\u00e7\u00e3o conosco\u201d, elogiou.<\/p>\n\n\n\n<p>O Grupo tem aproximadamente 20 anos e realiza atividades semanalmente com pessoas da terceira idade, fazendo com que elas possam desenvolver a parte f\u00edsica e melhorar a autoestima.<\/p>\n","protected":false},"excerpt":{"rendered":"<p>O Dia do Idoso \u00e9 comemorado anualmente no Brasil no dia 1\u00b0 de outubro. O aumento da popula\u00e7\u00e3o idosa e da expectativa de vida faz&hellip; <\/p>\n","protected":false},"author":1,"featured_media":123228,"comment_status":"closed","ping_status":"closed","sticky":false,"template":"","format":"standard","meta":{"sfsi_plus_gutenberg_text_before_share":"","sfsi_plus_gutenberg_show_text_before_share":"","sfsi_plus_gutenberg_icon_type":"","sfsi_plus_gutenberg_icon_alignemt":"","sfsi_plus_gutenburg_max_per_row":"","footnotes":""},"categories":[6],"tags":[],"class_list":["post-123226","post","type-post","status-publish","format-standard","has-post-thumbnail","hentry","category-cidades"],"_links":{"self":[{"href":"https:\/\/www.caririemacao.com\/1\/wp-json\/wp\/v2\/posts\/123226","targetHints":{"allow":["GET"]}}],"collection":[{"href":"https:\/\/www.caririemacao.com\/1\/wp-json\/wp\/v2\/posts"}],"about":[{"href":"https:\/\/www.caririemacao.com\/1\/wp-json\/wp\/v2\/types\/post"}],"author":[{"embeddable":true,"href":"https:\/\/www.caririemacao.com\/1\/wp-json\/wp\/v2\/users\/1"}],"replies":[{"embeddable":true,"href":"https:\/\/www.caririemacao.com\/1\/wp-json\/wp\/v2\/comments?post=123226"}],"version-history":[{"count":2,"href":"https:\/\/www.caririemacao.com\/1\/wp-json\/wp\/v2\/posts\/123226\/revisions"}],"predecessor-version":[{"id":123230,"href":"https:\/\/www.caririemacao.com\/1\/wp-json\/wp\/v2\/posts\/123226\/revisions\/123230"}],"wp:featuredmedia":[{"embeddable":true,"href":"https:\/\/www.caririemacao.com\/1\/wp-json\/wp\/v2\/media\/123228"}],"wp:attachment":[{"href":"https:\/\/www.caririemacao.com\/1\/wp-json\/wp\/v2\/media?parent=123226"}],"wp:term":[{"taxonomy":"category","embeddable":true,"href":"https:\/\/www.caririemacao.com\/1\/wp-json\/wp\/v2\/categories?post=123226"},{"taxonomy":"post_tag","embeddable":true,"href":"https:\/\/www.caririemacao.com\/1\/wp-json\/wp\/v2\/tags?post=123226"}],"curies":[{"name":"wp","href":"https:\/\/api.w.org\/{rel}","templated":true}]}}