{"id":123233,"date":"2019-10-03T14:30:00","date_gmt":"2019-10-03T17:30:00","guid":{"rendered":"http:\/\/www.caririemacao.com\/1\/?p=123233"},"modified":"2019-10-03T14:30:00","modified_gmt":"2019-10-03T17:30:00","slug":"prefeito-eden-assina-ordem-de-servico-da-obra-de-esgotamento-sanitario-do-municipio-de-sume","status":"publish","type":"post","link":"https:\/\/www.caririemacao.com\/1\/2019\/10\/03\/prefeito-eden-assina-ordem-de-servico-da-obra-de-esgotamento-sanitario-do-municipio-de-sume\/","title":{"rendered":"Prefeito \u00c9den assina ordem de servi\u00e7o da obra de esgotamento sanit\u00e1rio do munic\u00edpio de Sum\u00e9"},"content":{"rendered":"\n<p>O prefeito \u00c9den Duarte assinou nesta quinta-feira (03\/10), a ordem de servi\u00e7o da obra de esgotamento sanit\u00e1rio do munic\u00edpio de Sum\u00e9.<br>A assinatura aconteceu no gabinete do prefeito e contou com a presen\u00e7a do l\u00edder do governo na C\u00e2mara, vereador Ant\u00f4nio Carlos Sarmento e tamb\u00e9m t\u00e9cnicos da Prefeitura.<br>Esta ser\u00e1 a segunda etapa da obra de esgotamento sanit\u00e1rio, executada em conv\u00eanio com a Funasa. Est\u00e1 or\u00e7ada no valor de quase R$ 3 milh\u00f5es, parte dos recursos j\u00e1 est\u00e3o em conta.<br>O prefeito \u00c9den declarou que a Funasa tem sido uma grande parceira da Prefeitura de Sum\u00e9. Ele agradeceu todo o empenho do senador Veneziano Vital e da superintendente da Funasa na Para\u00edba, Virg\u00ednia Peixoto.<br>Inicialmente os servi\u00e7os ser\u00e3o executados na Avenida Primeiro de Abril e na esta\u00e7\u00e3o elevat\u00f3ria para que alguns trechos da primeira etapa da obra possam ter funcionalidade plena. Ap\u00f3s esse servi\u00e7o, a obra ser\u00e1 realizada no bairro do Alto Alegre.<br>\u201c\u00c9 uma obra dif\u00edcil de fazer, porque tem que interditar ruas, cavar buracos, fazer sinaliza\u00e7\u00e3o, mas que traz resultados positivos em termos de sa\u00fade e ainda vai gerar empregos para a popula\u00e7\u00e3o\u201d, avaliou o prefeito.<br>A Prefeitura firmou um termo de coopera\u00e7\u00e3o com a Cagepa para auxiliar na fiscaliza\u00e7\u00e3o da obra, juntamente com a Secretaria de Obras.<\/p>\n\n\n\n<p><strong>Ascom\/PMS<\/strong><\/p>\n","protected":false},"excerpt":{"rendered":"<p>O prefeito \u00c9den Duarte assinou nesta quinta-feira (03\/10), a ordem de servi\u00e7o da obra de esgotamento sanit\u00e1rio do munic\u00edpio de Sum\u00e9.A assinatura aconteceu no gabinete&hellip; <\/p>\n","protected":false},"author":1,"featured_media":123235,"comment_status":"closed","ping_status":"closed","sticky":false,"template":"","format":"standard","meta":{"sfsi_plus_gutenberg_text_before_share":"","sfsi_plus_gutenberg_show_text_before_share":"","sfsi_plus_gutenberg_icon_type":"","sfsi_plus_gutenberg_icon_alignemt":"","sfsi_plus_gutenburg_max_per_row":"","footnotes":""},"categories":[2],"tags":[],"class_list":["post-123233","post","type-post","status-publish","format-standard","has-post-thumbnail","hentry","category-geral"],"_links":{"self":[{"href":"https:\/\/www.caririemacao.com\/1\/wp-json\/wp\/v2\/posts\/123233","targetHints":{"allow":["GET"]}}],"collection":[{"href":"https:\/\/www.caririemacao.com\/1\/wp-json\/wp\/v2\/posts"}],"about":[{"href":"https:\/\/www.caririemacao.com\/1\/wp-json\/wp\/v2\/types\/post"}],"author":[{"embeddable":true,"href":"https:\/\/www.caririemacao.com\/1\/wp-json\/wp\/v2\/users\/1"}],"replies":[{"embeddable":true,"href":"https:\/\/www.caririemacao.com\/1\/wp-json\/wp\/v2\/comments?post=123233"}],"version-history":[{"count":1,"href":"https:\/\/www.caririemacao.com\/1\/wp-json\/wp\/v2\/posts\/123233\/revisions"}],"predecessor-version":[{"id":123236,"href":"https:\/\/www.caririemacao.com\/1\/wp-json\/wp\/v2\/posts\/123233\/revisions\/123236"}],"wp:featuredmedia":[{"embeddable":true,"href":"https:\/\/www.caririemacao.com\/1\/wp-json\/wp\/v2\/media\/123235"}],"wp:attachment":[{"href":"https:\/\/www.caririemacao.com\/1\/wp-json\/wp\/v2\/media?parent=123233"}],"wp:term":[{"taxonomy":"category","embeddable":true,"href":"https:\/\/www.caririemacao.com\/1\/wp-json\/wp\/v2\/categories?post=123233"},{"taxonomy":"post_tag","embeddable":true,"href":"https:\/\/www.caririemacao.com\/1\/wp-json\/wp\/v2\/tags?post=123233"}],"curies":[{"name":"wp","href":"https:\/\/api.w.org\/{rel}","templated":true}]}}