{"id":123246,"date":"2019-10-03T14:52:04","date_gmt":"2019-10-03T17:52:04","guid":{"rendered":"http:\/\/www.caririemacao.com\/1\/?p=123246"},"modified":"2019-10-03T14:52:04","modified_gmt":"2019-10-03T17:52:04","slug":"tem-inicio-hoje-festa-de-padroeira-da-comunidade-olho-dagua-do-padre-caititu-e-adjacentes","status":"publish","type":"post","link":"https:\/\/www.caririemacao.com\/1\/2019\/10\/03\/tem-inicio-hoje-festa-de-padroeira-da-comunidade-olho-dagua-do-padre-caititu-e-adjacentes\/","title":{"rendered":"Tem in\u00edcio hoje festa de padroeira da Comunidade Olho d\u2019\u00c1gua do Padre, Caitit\u00fa e adjacentes"},"content":{"rendered":"\n<p>A Par\u00f3quia Nossa Senhora da Concei\u00e7\u00e3o, Sum\u00e9, realiza a partir de hoje a Festa da Padroeira da Comunidade Olho d\u2019\u00c1gua do Padre, Caitit\u00fa e adjacente, que s\u00e3o pertencente ao munic\u00edpio de Serra Branca. A Padroeira \u00e9 Nossa Senhora Aparecida, o tema desse ano \u00e9 \u201ccom Maria: escolhidos e enviados em miss\u00e3o!\u201d<\/p>\n\n\n\n<p>A programa\u00e7\u00e3o conta atos religiosos e tamb\u00e9m com quermesse, no encerramento que acontece no pr\u00f3ximo s\u00e1bado(05\/10) com amina\u00e7\u00e3o de Nascimento Filho.<\/p>\n\n\n\n<p>Confira:<\/p>\n\n\n\n<figure class=\"wp-block-image\"><a href=\"http:\/\/noticiasemdestaque.com\/cd\/wp-content\/uploads\/2019\/10\/4b42f455-a50c-4262-94d0-8456ac4dabc5.jpg\"><img decoding=\"async\" data-src=\"http:\/\/noticiasemdestaque.com\/cd\/wp-content\/uploads\/2019\/10\/4b42f455-a50c-4262-94d0-8456ac4dabc5-723x1024.jpg\" alt=\"\" class=\"wp-image-20022 lazyload\" src=\"data:image\/svg+xml;base64,PHN2ZyB3aWR0aD0iMSIgaGVpZ2h0PSIxIiB4bWxucz0iaHR0cDovL3d3dy53My5vcmcvMjAwMC9zdmciPjwvc3ZnPg==\" style=\"--smush-placeholder-width: 723px; --smush-placeholder-aspect-ratio: 723\/1024;\" \/><\/a><\/figure>\n\n\n\n<p><strong>Not\u00edcias em Destaque<\/strong><\/p>\n","protected":false},"excerpt":{"rendered":"<p>A Par\u00f3quia Nossa Senhora da Concei\u00e7\u00e3o, Sum\u00e9, realiza a partir de hoje a Festa da Padroeira da Comunidade Olho d\u2019\u00c1gua do Padre, Caitit\u00fa e adjacente,&hellip; <\/p>\n","protected":false},"author":1,"featured_media":123247,"comment_status":"closed","ping_status":"closed","sticky":false,"template":"","format":"standard","meta":{"sfsi_plus_gutenberg_text_before_share":"","sfsi_plus_gutenberg_show_text_before_share":"","sfsi_plus_gutenberg_icon_type":"","sfsi_plus_gutenberg_icon_alignemt":"","sfsi_plus_gutenburg_max_per_row":"","footnotes":""},"categories":[2],"tags":[],"class_list":["post-123246","post","type-post","status-publish","format-standard","has-post-thumbnail","hentry","category-geral"],"_links":{"self":[{"href":"https:\/\/www.caririemacao.com\/1\/wp-json\/wp\/v2\/posts\/123246","targetHints":{"allow":["GET"]}}],"collection":[{"href":"https:\/\/www.caririemacao.com\/1\/wp-json\/wp\/v2\/posts"}],"about":[{"href":"https:\/\/www.caririemacao.com\/1\/wp-json\/wp\/v2\/types\/post"}],"author":[{"embeddable":true,"href":"https:\/\/www.caririemacao.com\/1\/wp-json\/wp\/v2\/users\/1"}],"replies":[{"embeddable":true,"href":"https:\/\/www.caririemacao.com\/1\/wp-json\/wp\/v2\/comments?post=123246"}],"version-history":[{"count":1,"href":"https:\/\/www.caririemacao.com\/1\/wp-json\/wp\/v2\/posts\/123246\/revisions"}],"predecessor-version":[{"id":123248,"href":"https:\/\/www.caririemacao.com\/1\/wp-json\/wp\/v2\/posts\/123246\/revisions\/123248"}],"wp:featuredmedia":[{"embeddable":true,"href":"https:\/\/www.caririemacao.com\/1\/wp-json\/wp\/v2\/media\/123247"}],"wp:attachment":[{"href":"https:\/\/www.caririemacao.com\/1\/wp-json\/wp\/v2\/media?parent=123246"}],"wp:term":[{"taxonomy":"category","embeddable":true,"href":"https:\/\/www.caririemacao.com\/1\/wp-json\/wp\/v2\/categories?post=123246"},{"taxonomy":"post_tag","embeddable":true,"href":"https:\/\/www.caririemacao.com\/1\/wp-json\/wp\/v2\/tags?post=123246"}],"curies":[{"name":"wp","href":"https:\/\/api.w.org\/{rel}","templated":true}]}}