{"id":123256,"date":"2019-10-03T14:55:13","date_gmt":"2019-10-03T17:55:13","guid":{"rendered":"http:\/\/www.caririemacao.com\/1\/?p=123256"},"modified":"2019-10-03T14:55:13","modified_gmt":"2019-10-03T17:55:13","slug":"procon-notifica-banco-do-brasil-de-sume-por-restricoes-de-depositos","status":"publish","type":"post","link":"https:\/\/www.caririemacao.com\/1\/2019\/10\/03\/procon-notifica-banco-do-brasil-de-sume-por-restricoes-de-depositos\/","title":{"rendered":"Procon notifica banco do Brasil de Sum\u00e9 por restri\u00e7\u00f5es de dep\u00f3sitos"},"content":{"rendered":"\n<p>O Procon N\u00facleo Cariri notificou a ag\u00eancia do Banco do Brasil em Sum\u00e9 por limitar hor\u00e1rio para dep\u00f3sito e solicitou a normaliza\u00e7\u00e3o do servi\u00e7o. De acordo com o coordenador do \u00f3rg\u00e3o na regi\u00e3o, Cristov\u00e3o Jr, que n\u00e3o existe nenhuma determina\u00e7\u00e3o do Banco central sobre hor\u00e1rio para efetuar dep\u00f3sito.<\/p>\n\n\n\n<p>De acordo com um comunicado do Banco do Brasil os dep\u00f3sitos deveriam ser realizados das 10h \u00e0s 15h.<\/p>\n\n\n\n<p><em><strong>Not\u00edcias em Destaque<\/strong><\/em><\/p>\n","protected":false},"excerpt":{"rendered":"<p>O Procon N\u00facleo Cariri notificou a ag\u00eancia do Banco do Brasil em Sum\u00e9 por limitar hor\u00e1rio para dep\u00f3sito e solicitou a normaliza\u00e7\u00e3o do servi\u00e7o. De&hellip; <\/p>\n","protected":false},"author":1,"featured_media":53349,"comment_status":"closed","ping_status":"closed","sticky":false,"template":"","format":"standard","meta":{"sfsi_plus_gutenberg_text_before_share":"","sfsi_plus_gutenberg_show_text_before_share":"","sfsi_plus_gutenberg_icon_type":"","sfsi_plus_gutenberg_icon_alignemt":"","sfsi_plus_gutenburg_max_per_row":"","footnotes":""},"categories":[2],"tags":[],"class_list":["post-123256","post","type-post","status-publish","format-standard","has-post-thumbnail","hentry","category-geral"],"_links":{"self":[{"href":"https:\/\/www.caririemacao.com\/1\/wp-json\/wp\/v2\/posts\/123256","targetHints":{"allow":["GET"]}}],"collection":[{"href":"https:\/\/www.caririemacao.com\/1\/wp-json\/wp\/v2\/posts"}],"about":[{"href":"https:\/\/www.caririemacao.com\/1\/wp-json\/wp\/v2\/types\/post"}],"author":[{"embeddable":true,"href":"https:\/\/www.caririemacao.com\/1\/wp-json\/wp\/v2\/users\/1"}],"replies":[{"embeddable":true,"href":"https:\/\/www.caririemacao.com\/1\/wp-json\/wp\/v2\/comments?post=123256"}],"version-history":[{"count":1,"href":"https:\/\/www.caririemacao.com\/1\/wp-json\/wp\/v2\/posts\/123256\/revisions"}],"predecessor-version":[{"id":123258,"href":"https:\/\/www.caririemacao.com\/1\/wp-json\/wp\/v2\/posts\/123256\/revisions\/123258"}],"wp:featuredmedia":[{"embeddable":true,"href":"https:\/\/www.caririemacao.com\/1\/wp-json\/wp\/v2\/media\/53349"}],"wp:attachment":[{"href":"https:\/\/www.caririemacao.com\/1\/wp-json\/wp\/v2\/media?parent=123256"}],"wp:term":[{"taxonomy":"category","embeddable":true,"href":"https:\/\/www.caririemacao.com\/1\/wp-json\/wp\/v2\/categories?post=123256"},{"taxonomy":"post_tag","embeddable":true,"href":"https:\/\/www.caririemacao.com\/1\/wp-json\/wp\/v2\/tags?post=123256"}],"curies":[{"name":"wp","href":"https:\/\/api.w.org\/{rel}","templated":true}]}}