{"id":123263,"date":"2019-10-04T07:11:19","date_gmt":"2019-10-04T10:11:19","guid":{"rendered":"http:\/\/www.caririemacao.com\/1\/?p=123263"},"modified":"2019-10-04T07:11:19","modified_gmt":"2019-10-04T10:11:19","slug":"posse-dos-76-novos-servidores-tecnico-administrativos-da-ufpb-acontece-nesta-sexta-feira","status":"publish","type":"post","link":"https:\/\/www.caririemacao.com\/1\/2019\/10\/04\/posse-dos-76-novos-servidores-tecnico-administrativos-da-ufpb-acontece-nesta-sexta-feira\/","title":{"rendered":"Posse dos 76 novos servidores t\u00e9cnico-administrativos da UFPB acontece nesta sexta-feira"},"content":{"rendered":"\n<p> Acontece nesta sexta-feira (4), a\u00a0posse coletiva dos 76 novos servidores t\u00e9cnico-administrativos que foram aprovados no concurso da Universidade Federal da Para\u00edba (UFPB). A solenidade est\u00e1 marcada para acontecer a partir das 15h no Cinema Aruanda, localizado no Centro de Comunica\u00e7\u00e3o Turismo e Artes (CCTA), no campus I, em Jo\u00e3o Pessoa.<\/p>\n\n\n\n<p>Tomar\u00e3o posse em seus cargos os servidores aprovados para os cargos das classes C, D e E, especificamente Administrador de Edif\u00edcios, Assistente em Administra\u00e7\u00e3o, Administrador, Assistente Social e Contador. A nomea\u00e7\u00e3o deles foi publicada na edi\u00e7\u00e3o do dia 6 de setembro do Di\u00e1rio Oficial da Uni\u00e3o.<\/p>\n\n\n\n<p>Estes t\u00e9cnico-administrativos foram selecionados a partir do Edital n\u00ba 122\/2018, publicado no Di\u00e1rio Oficial da Uni\u00e3o em 31 de dezembro de 2018, com 132 vagas para 44 cargos. Os servidores que ir\u00e3o tomar posse ir\u00e3o passar por um curso de inicia\u00e7\u00e3o, com previs\u00e3o de in\u00edcio no dia 7 de outubro.<\/p>\n\n\n\n<ul class=\"wp-block-list\"><li><a href=\"https:\/\/www.clickpb.com.br\/paraiba\/aumento-de-pedidos-de-aposentadoria-na-ufpb-faz-reitora-anunciar-possibilidade-de-contratacao-mais-aprovados-no-concurso-268928.html\">Aumento de pedidos de aposentadoria na UFPB faz reitora anunciar contrata\u00e7\u00e3o de mais aprovados no concurso<\/a><\/li><\/ul>\n","protected":false},"excerpt":{"rendered":"<p>Acontece nesta sexta-feira (4), a\u00a0posse coletiva dos 76 novos servidores t\u00e9cnico-administrativos que foram aprovados no concurso da Universidade Federal da Para\u00edba (UFPB). A solenidade est\u00e1&hellip; <\/p>\n","protected":false},"author":1,"featured_media":115604,"comment_status":"closed","ping_status":"closed","sticky":false,"template":"","format":"standard","meta":{"sfsi_plus_gutenberg_text_before_share":"","sfsi_plus_gutenberg_show_text_before_share":"","sfsi_plus_gutenberg_icon_type":"","sfsi_plus_gutenberg_icon_alignemt":"","sfsi_plus_gutenburg_max_per_row":"","footnotes":""},"categories":[2],"tags":[],"class_list":["post-123263","post","type-post","status-publish","format-standard","has-post-thumbnail","hentry","category-geral"],"_links":{"self":[{"href":"https:\/\/www.caririemacao.com\/1\/wp-json\/wp\/v2\/posts\/123263","targetHints":{"allow":["GET"]}}],"collection":[{"href":"https:\/\/www.caririemacao.com\/1\/wp-json\/wp\/v2\/posts"}],"about":[{"href":"https:\/\/www.caririemacao.com\/1\/wp-json\/wp\/v2\/types\/post"}],"author":[{"embeddable":true,"href":"https:\/\/www.caririemacao.com\/1\/wp-json\/wp\/v2\/users\/1"}],"replies":[{"embeddable":true,"href":"https:\/\/www.caririemacao.com\/1\/wp-json\/wp\/v2\/comments?post=123263"}],"version-history":[{"count":1,"href":"https:\/\/www.caririemacao.com\/1\/wp-json\/wp\/v2\/posts\/123263\/revisions"}],"predecessor-version":[{"id":123264,"href":"https:\/\/www.caririemacao.com\/1\/wp-json\/wp\/v2\/posts\/123263\/revisions\/123264"}],"wp:featuredmedia":[{"embeddable":true,"href":"https:\/\/www.caririemacao.com\/1\/wp-json\/wp\/v2\/media\/115604"}],"wp:attachment":[{"href":"https:\/\/www.caririemacao.com\/1\/wp-json\/wp\/v2\/media?parent=123263"}],"wp:term":[{"taxonomy":"category","embeddable":true,"href":"https:\/\/www.caririemacao.com\/1\/wp-json\/wp\/v2\/categories?post=123263"},{"taxonomy":"post_tag","embeddable":true,"href":"https:\/\/www.caririemacao.com\/1\/wp-json\/wp\/v2\/tags?post=123263"}],"curies":[{"name":"wp","href":"https:\/\/api.w.org\/{rel}","templated":true}]}}