{"id":123271,"date":"2019-10-04T07:15:07","date_gmt":"2019-10-04T10:15:07","guid":{"rendered":"http:\/\/www.caririemacao.com\/1\/?p=123271"},"modified":"2019-10-04T07:15:07","modified_gmt":"2019-10-04T10:15:07","slug":"lula-recebera-titulo-de-cidadao-honorario-de-paris","status":"publish","type":"post","link":"https:\/\/www.caririemacao.com\/1\/2019\/10\/04\/lula-recebera-titulo-de-cidadao-honorario-de-paris\/","title":{"rendered":"Lula receber\u00e1 t\u00edtulo de cidad\u00e3o honor\u00e1rio de Paris"},"content":{"rendered":"\n<p>A cidade de Paris decidiu nesta quinta-feira (3) conceder cidadania honor\u00e1ria ao ex-presidente Luiz In\u00e1cio Lula da Silva, preso desde abril de 2018 por corrup\u00e7\u00e3o e lavagem de dinheiro, informou o jornal franc\u00eas \u201cLe Figaro\u201d.&nbsp;<\/p>\n\n\n\n<p>O Conseil de Paris, uma esp\u00e9cie de C\u00e2mara de Vereadores, fez o pedido para a prefeitura da capital francesa, com base na luta de Lula pelos direitos humanos, a justi\u00e7a social, a prote\u00e7\u00e3o do meio ambiente e por seu compromisso de reduzir a \u201cdesigualdade social e econ\u00f4mica\u201d no Brasil.<\/p>\n\n\n\n<p>Esse compromisso \u201cpermitiu que quase 30 milh\u00f5es de brasileiros escapassem da pobreza extrema e acessassem direitos e servi\u00e7os essenciais\u201d, afirmou a prefeita de Paris, Anne Hidalgo, em comunicado, ap\u00f3s uma vota\u00e7\u00e3o favor\u00e1vel dos representantes do conselho da cidade.&nbsp;<\/p>\n\n\n\n<p>Na nota, a pol\u00edtica francesa ressalta que esses s\u00e3o \u201cvalores guardados pela cidade de Paris e que colocaram o pol\u00edtico em perigo pelo seu engajamento\u201d. \u201cLula \u00e9 conhecido por sua pol\u00edtica proativa de combater a discrimina\u00e7\u00e3o racial particularmente acentuada no Brasil\u201d, acrescenta o texto, ressaltando que atrav\u00e9s da figura do ex-presidente, \u201ctodos os defensores da democracia no pa\u00eds s\u00e3o atacados\u201d.<\/p>\n\n\n\n<p>O petista, de 73 anos, foi presidente do Brasil entre 2003 e dezembro de 2010. Atualmente, ele cumpre pena na sede da Pol\u00edcia Federal, em Curitiba. Em sua senten\u00e7a inicial, em julho de 2017, ele foi condenado a nove anos e seis meses de pris\u00e3o pelos crimes de corrup\u00e7\u00e3o e lavagem de dinheiro. No entanto, em abril deste ano, sua pena foi reduzida para oito anos e 10 meses. Conforme determina a lei penal, o ex-presidente j\u00e1 cumpriu um sexto da pena e deve progredis para o regime mais brando. Lula, por sua vez, nega todas as acusa\u00e7\u00f5es. (ANSA)<\/p>\n","protected":false},"excerpt":{"rendered":"<p>A cidade de Paris decidiu nesta quinta-feira (3) conceder cidadania honor\u00e1ria ao ex-presidente Luiz In\u00e1cio Lula da Silva, preso desde abril de 2018 por corrup\u00e7\u00e3o&hellip; <\/p>\n","protected":false},"author":1,"featured_media":112186,"comment_status":"closed","ping_status":"closed","sticky":false,"template":"","format":"standard","meta":{"sfsi_plus_gutenberg_text_before_share":"","sfsi_plus_gutenberg_show_text_before_share":"","sfsi_plus_gutenberg_icon_type":"","sfsi_plus_gutenberg_icon_alignemt":"","sfsi_plus_gutenburg_max_per_row":"","footnotes":""},"categories":[11],"tags":[],"class_list":["post-123271","post","type-post","status-publish","format-standard","has-post-thumbnail","hentry","category-politica"],"_links":{"self":[{"href":"https:\/\/www.caririemacao.com\/1\/wp-json\/wp\/v2\/posts\/123271","targetHints":{"allow":["GET"]}}],"collection":[{"href":"https:\/\/www.caririemacao.com\/1\/wp-json\/wp\/v2\/posts"}],"about":[{"href":"https:\/\/www.caririemacao.com\/1\/wp-json\/wp\/v2\/types\/post"}],"author":[{"embeddable":true,"href":"https:\/\/www.caririemacao.com\/1\/wp-json\/wp\/v2\/users\/1"}],"replies":[{"embeddable":true,"href":"https:\/\/www.caririemacao.com\/1\/wp-json\/wp\/v2\/comments?post=123271"}],"version-history":[{"count":1,"href":"https:\/\/www.caririemacao.com\/1\/wp-json\/wp\/v2\/posts\/123271\/revisions"}],"predecessor-version":[{"id":123272,"href":"https:\/\/www.caririemacao.com\/1\/wp-json\/wp\/v2\/posts\/123271\/revisions\/123272"}],"wp:featuredmedia":[{"embeddable":true,"href":"https:\/\/www.caririemacao.com\/1\/wp-json\/wp\/v2\/media\/112186"}],"wp:attachment":[{"href":"https:\/\/www.caririemacao.com\/1\/wp-json\/wp\/v2\/media?parent=123271"}],"wp:term":[{"taxonomy":"category","embeddable":true,"href":"https:\/\/www.caririemacao.com\/1\/wp-json\/wp\/v2\/categories?post=123271"},{"taxonomy":"post_tag","embeddable":true,"href":"https:\/\/www.caririemacao.com\/1\/wp-json\/wp\/v2\/tags?post=123271"}],"curies":[{"name":"wp","href":"https:\/\/api.w.org\/{rel}","templated":true}]}}