{"id":123297,"date":"2019-10-04T07:33:27","date_gmt":"2019-10-04T10:33:27","guid":{"rendered":"http:\/\/www.caririemacao.com\/1\/?p=123297"},"modified":"2019-10-04T07:33:27","modified_gmt":"2019-10-04T10:33:27","slug":"fim-de-semana-em-sao-paulo-sera-dedicado-a-literatura","status":"publish","type":"post","link":"https:\/\/www.caririemacao.com\/1\/2019\/10\/04\/fim-de-semana-em-sao-paulo-sera-dedicado-a-literatura\/","title":{"rendered":"Fim de semana em S\u00e3o Paulo ser\u00e1 dedicado \u00e0 literatura"},"content":{"rendered":"\n<p>A partir de hoje (4), at\u00e9 domingo (6), 11 pontos da capital paulista ser\u00e3o ocupados por mais de 150 atividades gratuitas entre conversas com autores, oficinas, espet\u00e1culos de rua, duelo de cordel, sarau, teatro, dan\u00e7a e m\u00fasica, em um fim de semana dedicado ao livro e \u00e0 leitura. \u00c9 o Festival M\u00e1rio de Andrade &#8211; A Virada do Livro, organizado pela Secretaria Municipal de Cultura pela primeira vez na cidade. Estar\u00e3o reunidos autores, editores, leitores, bibliotec\u00e1rios, livreiros, coletivos e p\u00fablicos de todas as idades e de todo o pa\u00eds.&nbsp;<\/p>\n\n\n\n<p>O eixo central ser\u00e1 o Corredor do Livro, trajeto entre a Biblioteca M\u00e1rio de Andrade e a Pra\u00e7a das Artes, passando pela Rua Coronel Xavier de Toledo e pelo Theatro Municipal, compreendendo um quil\u00f4metro e meio ao ar livre, com tendas que abrigar\u00e3o as principais editoras, livrarias, bancas e coletivos do pa\u00eds. O festival se espalhar\u00e1 ainda pelos centros culturais Tendal da Lapa e Cidade Tiradentes, Centro de Culturas Negras e Centro Cultural da Juventude.<\/p>\n\n\n\n<figure class=\"wp-block-image\"><img decoding=\"async\" data-src=\"http:\/\/imagens.ebc.com.br\/CjO5hRFZrzTRp3dudck9Mf9yvkk=\/754x0\/smart\/http:\/\/agenciabrasil.ebc.com.br\/sites\/default\/files\/thumbnails\/image\/rvrsa_abr_10051915524.jpg?itok=6cQoJI2o\" alt=\"Reabertura da biblioteca da Casa do Povo, que possui um acervo de quase 8 mil livros e centenas de moldes de roupas, no Bom Retiro, em S\u00e3o Paulo.\" src=\"data:image\/svg+xml;base64,PHN2ZyB3aWR0aD0iMSIgaGVpZ2h0PSIxIiB4bWxucz0iaHR0cDovL3d3dy53My5vcmcvMjAwMC9zdmciPjwvc3ZnPg==\" class=\"lazyload\" \/><\/figure>\n\n\n\n<p>Biblioteca &#8211;&nbsp;<strong>Rovena Rosa\/Ag\u00eancia Brasil<\/strong><br><\/p>\n\n\n\n<p>Participam do trajeto editoras como Companhia das Letras, Record, Todavia, Planeta, Editora 34, Ubu, Zahar, Saraiva, Banca Tatu\u00ed, Mal\u00ea, Libre, Editora da Unesp, Imprensa Oficial, Edi\u00e7\u00f5es Sesc SP, Senac, Giostri, Leia Mulheres, Flima (Festa Liter\u00e1ria Internacional da Mantiqueira), Quilombhoje, Poetas do Tiet\u00ea, Coletivos Ponte Cultural, N\u00f4made, Perifatividade e Fantasistas, Livraria do Comendador e Territ\u00f3rio Geek, entre outros. A Virada do Livro ter\u00e1 ainda espa\u00e7o para iniciativas editoriais voltadas \u00e0 diversidade LGBTQIA+, a quest\u00e3o racial e o feminismo.<\/p>\n\n\n\n<h2 class=\"wp-block-heading\">Programa\u00e7\u00e3o<\/h2>\n\n\n\n<p>O festival ser\u00e1 aberto \u00e0s 19h, na Pra\u00e7a das Artes, com a apresenta\u00e7\u00e3o do espet\u00e1culo Yebo, no estilo gumboot (dan\u00e7a de botas de borracha). O estilo foi criado pelos trabalhadores das minas de ouro e carv\u00e3o da \u00c1frica do Sul, no s\u00e9culo 19, e a coreografia aborda a explora\u00e7\u00e3o dos min\u00e9rios e dos povos que os extra\u00edram, al\u00e9m da espera das mulheres por seus maridos mineiros.&nbsp;<\/p>\n\n\n\n<p>Em seguida, o autor mo\u00e7ambicano Mia Couto participa de conversa com a jornalista, escritora e atriz Bianca Ramoneda, na qual ser\u00e3o abordadas quest\u00f5es como a rela\u00e7\u00e3o do homem com seus pares e o planeta. O atyor Silvio Restiffe ler\u00e1 trechos da obra de Couto.&nbsp;<\/p>\n\n\n\n<p>Amanh\u00e3 (5), no Theatro Municipal, a atriz Fernanda Montenegro, indicada ao Oscar por&nbsp;<em>Central do Brasil<\/em>, lan\u00e7a o seu livro de mem\u00f3rias \u201cPr\u00f3logo, Ato, Ep\u00edlogo\u201d, relembrando a trajet\u00f3ria em conversa com a jornalista Marta G\u00f3es, colaboradora do livro. Na Pra\u00e7a das Artes, a neta de Nelson Mandela Zamaswazi Dlamini-Mandela e Sam Venther, organizadora das cartas da pris\u00e3o, encerram o festival no domingo (6) com um tributo a Mandela, ganhador do Nobel da Paz. A conversa \u00e9 mediada pela historiadora e antrop\u00f3loga Lilia Schwarcz e o ator Felipe Soares far\u00e1 leituras das cartas de Mandala.<\/p>\n\n\n\n<p>O prefeito de S\u00e3o Paulo, Bruno Covas, disse que esse tipo de pol\u00edtica p\u00fablica tem como foco a resolu\u00e7\u00e3o de problemas da cidade. como o desemprego, porque grande parte das a\u00e7\u00f5es culturais \u00e9 vista como estrat\u00e9gica na gera\u00e7\u00e3o de emprego e renda, sendo esse um dos motivos que justificam o investimento. &#8220;Quando falamos em amplia\u00e7\u00e3o da leitura, difus\u00e3o dos livros, estamos falando da forma\u00e7\u00e3o da consci\u00eancia, da cultura cr\u00edtica, do conhecimento do mundo e, portanto, da forma\u00e7\u00e3o dos paulistanos. Fomentar o livro \u00e9 fomentar uma sociedade mais cr\u00edtica e mais consciente do seu papel\u201d, afirmou.&nbsp;<\/p>\n\n\n\n<p>O secret\u00e1rio municipal de Cultura, Al\u00ea Youssef, ressaltou que a secretaria tem diversas a\u00e7\u00f5es para difundir a literatura e melhorar os \u00edndices de leitura na cidade, inclusive dentro das bibliotecas, conseguindo aumentar a presen\u00e7a de p\u00fablico em 24% com rela\u00e7\u00e3o ao primeiro semestre do ano passado e aumentar em 74% o empr\u00e9stimo de livros.<\/p>\n","protected":false},"excerpt":{"rendered":"<p>A partir de hoje (4), at\u00e9 domingo (6), 11 pontos da capital paulista ser\u00e3o ocupados por mais de 150 atividades gratuitas entre conversas com autores,&hellip; <\/p>\n","protected":false},"author":1,"featured_media":23718,"comment_status":"closed","ping_status":"closed","sticky":false,"template":"","format":"standard","meta":{"sfsi_plus_gutenberg_text_before_share":"","sfsi_plus_gutenberg_show_text_before_share":"","sfsi_plus_gutenberg_icon_type":"","sfsi_plus_gutenberg_icon_alignemt":"","sfsi_plus_gutenburg_max_per_row":"","footnotes":""},"categories":[14],"tags":[],"class_list":["post-123297","post","type-post","status-publish","format-standard","has-post-thumbnail","hentry","category-educacao"],"_links":{"self":[{"href":"https:\/\/www.caririemacao.com\/1\/wp-json\/wp\/v2\/posts\/123297","targetHints":{"allow":["GET"]}}],"collection":[{"href":"https:\/\/www.caririemacao.com\/1\/wp-json\/wp\/v2\/posts"}],"about":[{"href":"https:\/\/www.caririemacao.com\/1\/wp-json\/wp\/v2\/types\/post"}],"author":[{"embeddable":true,"href":"https:\/\/www.caririemacao.com\/1\/wp-json\/wp\/v2\/users\/1"}],"replies":[{"embeddable":true,"href":"https:\/\/www.caririemacao.com\/1\/wp-json\/wp\/v2\/comments?post=123297"}],"version-history":[{"count":1,"href":"https:\/\/www.caririemacao.com\/1\/wp-json\/wp\/v2\/posts\/123297\/revisions"}],"predecessor-version":[{"id":123298,"href":"https:\/\/www.caririemacao.com\/1\/wp-json\/wp\/v2\/posts\/123297\/revisions\/123298"}],"wp:featuredmedia":[{"embeddable":true,"href":"https:\/\/www.caririemacao.com\/1\/wp-json\/wp\/v2\/media\/23718"}],"wp:attachment":[{"href":"https:\/\/www.caririemacao.com\/1\/wp-json\/wp\/v2\/media?parent=123297"}],"wp:term":[{"taxonomy":"category","embeddable":true,"href":"https:\/\/www.caririemacao.com\/1\/wp-json\/wp\/v2\/categories?post=123297"},{"taxonomy":"post_tag","embeddable":true,"href":"https:\/\/www.caririemacao.com\/1\/wp-json\/wp\/v2\/tags?post=123297"}],"curies":[{"name":"wp","href":"https:\/\/api.w.org\/{rel}","templated":true}]}}