{"id":123308,"date":"2019-10-04T08:06:17","date_gmt":"2019-10-04T11:06:17","guid":{"rendered":"http:\/\/www.caririemacao.com\/1\/?p=123308"},"modified":"2019-10-04T08:06:17","modified_gmt":"2019-10-04T11:06:17","slug":"local-de-prova-do-enem-sera-divulgado-a-partir-do-dia-16","status":"publish","type":"post","link":"https:\/\/www.caririemacao.com\/1\/2019\/10\/04\/local-de-prova-do-enem-sera-divulgado-a-partir-do-dia-16\/","title":{"rendered":"Local de prova do Enem ser\u00e1 divulgado a partir do dia 16"},"content":{"rendered":"\n<p>Os&nbsp; estudantes que far\u00e3o o Exame Nacional do Ensino M\u00e9dio (Enem) poder\u00e3o consultar, a partir do dia 16, o local onde far\u00e3o o exame este ano. As provas ser\u00e3o aplicadas nos dias 3 e 10 de novembro.&nbsp;<\/p>\n\n\n\n<p>O local de prova est\u00e1 no Cart\u00e3o de Confirma\u00e7\u00e3o da Inscri\u00e7\u00e3o, que poder\u00e1 ser consultado na&nbsp;<a href=\"https:\/\/enem.inep.gov.br\/participante\/#!\/inicial\">P\u00e1gina do Participante<\/a>&nbsp;, ou pelo aplicativo do Enem, dispon\u00edvel para download nas plataformas&nbsp;<a href=\"https:\/\/apps.apple.com\/br\/app\/enem-inep\/id1114622953\">Apple Store<\/a>&nbsp;e&nbsp;<a href=\"https:\/\/play.google.com\/store\/apps\/details?id=br.gov.inep.inepenem&amp;hl=pt_BR\">Google Play<\/a>.<\/p>\n\n\n\n<p>Al\u00e9m do local de prova, os participantes poder\u00e3o conferir, no Cart\u00e3o, o n\u00famero da sala onde far\u00e3o o exame; a op\u00e7\u00e3o de l\u00edngua estrangeira feita durante a inscri\u00e7\u00e3o; e o tipo de atendimento espec\u00edfico e especializado com recursos de acessibilidade, caso tenham sido solicitados e aprovados; entre outras informa\u00e7\u00f5es.<\/p>\n\n\n\n<p>O Instituto Nacional de Estudos e Pesquisas Educacionais An\u00edsio Teixeira (Inep), respons\u00e1vel pela aplica\u00e7\u00e3o do exame, recomenda que os participantes, assim que souberem onde far\u00e3o o exame, fa\u00e7am o trajeto at\u00e9 o local de prova para verificar a dist\u00e2ncia, o tempo gasto e a melhor forma de chegar ao local de prova, evitando atrasos no dia da aplica\u00e7\u00e3o.<\/p>\n\n\n\n<p>No dia do Enem, a dica \u00e9 chegar no local com anteced\u00eancia. Os port\u00f5es abrir\u00e3o \u00e0s 12h, pelo hor\u00e1rio oficial de Bras\u00edlia, e ser\u00e3o fechados \u00e0s 13h. O Inep recomenda que os participantes levem o Cart\u00e3o de Confirma\u00e7\u00e3o da Inscri\u00e7\u00e3o impresso nos dois dias de aplica\u00e7\u00e3o do exame e alerta para que n\u00e3o deixem para acessar o documento somente na v\u00e9spera da prova.<\/p>\n\n\n\n<p><strong>Cronograma em dia<\/strong><\/p>\n\n\n\n<p>Hoje (3) falta um m\u00eas para o primeiro dia de prova do Enem. Segundo o Inep, o cronograma de aplica\u00e7\u00e3o do exame est\u00e1 sendo cumprido conforme o planejado. Todas as provas j\u00e1 foram impressas e est\u00e3o prontas para distribui\u00e7\u00e3o aos estados. Mais de 54 mil malotes de prova ser\u00e3o distribu\u00eddos para 11.227 coordena\u00e7\u00f5es.<\/p>\n\n\n\n<p>O Enem 2019 ser\u00e1 realizado em 1.727 munic\u00edpios brasileiros. Mais de 5 milh\u00f5es de pessoas far\u00e3o o exame. Quem j\u00e1 concluiu o ensino m\u00e9dio ou vai concluir este ano pode usar as notas do Enem para se inscrever no Sistema de Sele\u00e7\u00e3o Unificada, que oferece vagas em institui\u00e7\u00f5es p\u00fablicas de ensino superior. Os estudantes podem ainda concorrer a bolsas de estudo pelo Programa Universidade para Todos e podendo ser beneficiados pelo Fundo de Financiamento Estudantil.<\/p>\n","protected":false},"excerpt":{"rendered":"<p>Os&nbsp; estudantes que far\u00e3o o Exame Nacional do Ensino M\u00e9dio (Enem) poder\u00e3o consultar, a partir do dia 16, o local onde far\u00e3o o exame este&hellip; <\/p>\n","protected":false},"author":1,"featured_media":104792,"comment_status":"closed","ping_status":"closed","sticky":false,"template":"","format":"standard","meta":{"sfsi_plus_gutenberg_text_before_share":"","sfsi_plus_gutenberg_show_text_before_share":"","sfsi_plus_gutenberg_icon_type":"","sfsi_plus_gutenberg_icon_alignemt":"","sfsi_plus_gutenburg_max_per_row":"","footnotes":""},"categories":[14],"tags":[],"class_list":["post-123308","post","type-post","status-publish","format-standard","has-post-thumbnail","hentry","category-educacao"],"_links":{"self":[{"href":"https:\/\/www.caririemacao.com\/1\/wp-json\/wp\/v2\/posts\/123308","targetHints":{"allow":["GET"]}}],"collection":[{"href":"https:\/\/www.caririemacao.com\/1\/wp-json\/wp\/v2\/posts"}],"about":[{"href":"https:\/\/www.caririemacao.com\/1\/wp-json\/wp\/v2\/types\/post"}],"author":[{"embeddable":true,"href":"https:\/\/www.caririemacao.com\/1\/wp-json\/wp\/v2\/users\/1"}],"replies":[{"embeddable":true,"href":"https:\/\/www.caririemacao.com\/1\/wp-json\/wp\/v2\/comments?post=123308"}],"version-history":[{"count":1,"href":"https:\/\/www.caririemacao.com\/1\/wp-json\/wp\/v2\/posts\/123308\/revisions"}],"predecessor-version":[{"id":123309,"href":"https:\/\/www.caririemacao.com\/1\/wp-json\/wp\/v2\/posts\/123308\/revisions\/123309"}],"wp:featuredmedia":[{"embeddable":true,"href":"https:\/\/www.caririemacao.com\/1\/wp-json\/wp\/v2\/media\/104792"}],"wp:attachment":[{"href":"https:\/\/www.caririemacao.com\/1\/wp-json\/wp\/v2\/media?parent=123308"}],"wp:term":[{"taxonomy":"category","embeddable":true,"href":"https:\/\/www.caririemacao.com\/1\/wp-json\/wp\/v2\/categories?post=123308"},{"taxonomy":"post_tag","embeddable":true,"href":"https:\/\/www.caririemacao.com\/1\/wp-json\/wp\/v2\/tags?post=123308"}],"curies":[{"name":"wp","href":"https:\/\/api.w.org\/{rel}","templated":true}]}}