{"id":123314,"date":"2019-10-04T08:08:03","date_gmt":"2019-10-04T11:08:03","guid":{"rendered":"http:\/\/www.caririemacao.com\/1\/?p=123314"},"modified":"2019-10-04T08:08:03","modified_gmt":"2019-10-04T11:08:03","slug":"vice-presidente-mourao-vem-a-paraiba-em-novembro","status":"publish","type":"post","link":"https:\/\/www.caririemacao.com\/1\/2019\/10\/04\/vice-presidente-mourao-vem-a-paraiba-em-novembro\/","title":{"rendered":"Vice-presidente Mour\u00e3o vem \u00e0 Para\u00edba em novembro"},"content":{"rendered":"\n<p>O vice-presidente da Rep\u00fablica, o general Hamilton Mour\u00e3o poder\u00e1 vir a Jo\u00e3o Pessoa para uma agenda no dia 4 de novembro, onde participar\u00e1 de uma palestra sobre Desenvolvimento Econ\u00f4mico Regional, na Semana do Empreendedorismo, al\u00e9m de de uma reuni\u00e3o do PRTB.&nbsp;<\/p>\n\n\n\n<p>A informa\u00e7\u00e3o foi confirmada pelo deputado estadual Eduardo<br>Carneiro, presidente estadual do PRTB, partido do vice-presidente,<br>durante reuni\u00e3o em Bras\u00edlia.<\/p>\n","protected":false},"excerpt":{"rendered":"<p>O vice-presidente da Rep\u00fablica, o general Hamilton Mour\u00e3o poder\u00e1 vir a Jo\u00e3o Pessoa para uma agenda no dia 4 de novembro, onde participar\u00e1 de uma&hellip; <\/p>\n","protected":false},"author":1,"featured_media":98499,"comment_status":"closed","ping_status":"closed","sticky":false,"template":"","format":"standard","meta":{"sfsi_plus_gutenberg_text_before_share":"","sfsi_plus_gutenberg_show_text_before_share":"","sfsi_plus_gutenberg_icon_type":"","sfsi_plus_gutenberg_icon_alignemt":"","sfsi_plus_gutenburg_max_per_row":"","footnotes":""},"categories":[2],"tags":[],"class_list":["post-123314","post","type-post","status-publish","format-standard","has-post-thumbnail","hentry","category-geral"],"_links":{"self":[{"href":"https:\/\/www.caririemacao.com\/1\/wp-json\/wp\/v2\/posts\/123314","targetHints":{"allow":["GET"]}}],"collection":[{"href":"https:\/\/www.caririemacao.com\/1\/wp-json\/wp\/v2\/posts"}],"about":[{"href":"https:\/\/www.caririemacao.com\/1\/wp-json\/wp\/v2\/types\/post"}],"author":[{"embeddable":true,"href":"https:\/\/www.caririemacao.com\/1\/wp-json\/wp\/v2\/users\/1"}],"replies":[{"embeddable":true,"href":"https:\/\/www.caririemacao.com\/1\/wp-json\/wp\/v2\/comments?post=123314"}],"version-history":[{"count":1,"href":"https:\/\/www.caririemacao.com\/1\/wp-json\/wp\/v2\/posts\/123314\/revisions"}],"predecessor-version":[{"id":123315,"href":"https:\/\/www.caririemacao.com\/1\/wp-json\/wp\/v2\/posts\/123314\/revisions\/123315"}],"wp:featuredmedia":[{"embeddable":true,"href":"https:\/\/www.caririemacao.com\/1\/wp-json\/wp\/v2\/media\/98499"}],"wp:attachment":[{"href":"https:\/\/www.caririemacao.com\/1\/wp-json\/wp\/v2\/media?parent=123314"}],"wp:term":[{"taxonomy":"category","embeddable":true,"href":"https:\/\/www.caririemacao.com\/1\/wp-json\/wp\/v2\/categories?post=123314"},{"taxonomy":"post_tag","embeddable":true,"href":"https:\/\/www.caririemacao.com\/1\/wp-json\/wp\/v2\/tags?post=123314"}],"curies":[{"name":"wp","href":"https:\/\/api.w.org\/{rel}","templated":true}]}}