{"id":123328,"date":"2019-10-04T08:11:54","date_gmt":"2019-10-04T11:11:54","guid":{"rendered":"http:\/\/www.caririemacao.com\/1\/?p=123328"},"modified":"2019-10-04T08:11:54","modified_gmt":"2019-10-04T11:11:54","slug":"prefeitura-de-prata-realiza-perfuracao-de-poco-na-zona-rural-em-parceria-com-governo-do-estado-atraves-da-secretaria-de-recursos-hidricos","status":"publish","type":"post","link":"https:\/\/www.caririemacao.com\/1\/2019\/10\/04\/prefeitura-de-prata-realiza-perfuracao-de-poco-na-zona-rural-em-parceria-com-governo-do-estado-atraves-da-secretaria-de-recursos-hidricos\/","title":{"rendered":"Prefeitura de Prata realiza perfura\u00e7\u00e3o de po\u00e7o na zona rural em parceria com Governo do Estado atrav\u00e9s da Secretaria de recursos h\u00eddricos"},"content":{"rendered":"\n<p>A Prefeitura Municipal de Prata, em parceria com a secretaria de recursos h\u00eddricos do Estado da Para\u00edba, come\u00e7ou a realizar nesta quarta-feira(02), perfura\u00e7\u00f5es de um po\u00e7o&nbsp;&nbsp;na comunidade rural do S\u00edtio do Melo .<br>A a\u00e7\u00e3o do governo acontece atrav\u00e9s do or\u00e7amento democr\u00e1tico, onde a conselheira Zeneide Soares da Prata conversou com o prefeito Junior N\u00f3brega, que junto&nbsp;&nbsp;ao Governo do Estado, atendeu de pronto o pedido.<br>O po\u00e7o teve sua vaz\u00e3o de 4 mil litros e ir\u00e1 beneficiar mais de 40 fam\u00edlias.&nbsp;<br>O prefeito de Prata, Junior N\u00f3brega junto com o secret\u00e1rio de agricultura Genivaldo Fernandes destacou a alegria de poder levar \u00e1gua de qualidade para a zona rural.<\/p>\n\n\n\n<figure class=\"wp-block-image\"><a href=\"https:\/\/1.bp.blogspot.com\/-6mwOJ5FPUFA\/XZU9rXpT_kI\/AAAAAAABUGg\/rbGvm9XOAWwphOSCXUup-NHZFWw__70ugCLcBGAsYHQ\/s1600\/IMG-20191002-WA0358.jpg\"><img decoding=\"async\" data-src=\"https:\/\/1.bp.blogspot.com\/-6mwOJ5FPUFA\/XZU9rXpT_kI\/AAAAAAABUGg\/rbGvm9XOAWwphOSCXUup-NHZFWw__70ugCLcBGAsYHQ\/s280\/IMG-20191002-WA0358.jpg\" alt=\"\" src=\"data:image\/svg+xml;base64,PHN2ZyB3aWR0aD0iMSIgaGVpZ2h0PSIxIiB4bWxucz0iaHR0cDovL3d3dy53My5vcmcvMjAwMC9zdmciPjwvc3ZnPg==\" class=\"lazyload\" \/><\/a><\/figure>\n\n\n\n<p>\u201cEsse trabalho \u00e9 resultado de uma parceria entre munic\u00edpio e governo estadual atrav\u00e9s da secretaria de recursos h\u00eddricos e gra\u00e7as ao esfor\u00e7o conjunto mais uma a\u00e7\u00e3o de desenvolvimento est\u00e1 sendo conclu\u00edda em benef\u00edcio da popula\u00e7\u00e3o. \u00c9 uma a\u00e7\u00e3o de seguran\u00e7a h\u00eddrica e tamb\u00e9m de aux\u00edlio a atividade da agricultura de subsist\u00eancia\u201d, comentaram.<br>Com Portal Cariri PB<\/p>\n","protected":false},"excerpt":{"rendered":"<p>A Prefeitura Municipal de Prata, em parceria com a secretaria de recursos h\u00eddricos do Estado da Para\u00edba, come\u00e7ou a realizar nesta quarta-feira(02), perfura\u00e7\u00f5es de um&hellip; <\/p>\n","protected":false},"author":1,"featured_media":123329,"comment_status":"closed","ping_status":"closed","sticky":false,"template":"","format":"standard","meta":{"sfsi_plus_gutenberg_text_before_share":"","sfsi_plus_gutenberg_show_text_before_share":"","sfsi_plus_gutenberg_icon_type":"","sfsi_plus_gutenberg_icon_alignemt":"","sfsi_plus_gutenburg_max_per_row":"","footnotes":""},"categories":[2],"tags":[],"class_list":["post-123328","post","type-post","status-publish","format-standard","has-post-thumbnail","hentry","category-geral"],"_links":{"self":[{"href":"https:\/\/www.caririemacao.com\/1\/wp-json\/wp\/v2\/posts\/123328","targetHints":{"allow":["GET"]}}],"collection":[{"href":"https:\/\/www.caririemacao.com\/1\/wp-json\/wp\/v2\/posts"}],"about":[{"href":"https:\/\/www.caririemacao.com\/1\/wp-json\/wp\/v2\/types\/post"}],"author":[{"embeddable":true,"href":"https:\/\/www.caririemacao.com\/1\/wp-json\/wp\/v2\/users\/1"}],"replies":[{"embeddable":true,"href":"https:\/\/www.caririemacao.com\/1\/wp-json\/wp\/v2\/comments?post=123328"}],"version-history":[{"count":1,"href":"https:\/\/www.caririemacao.com\/1\/wp-json\/wp\/v2\/posts\/123328\/revisions"}],"predecessor-version":[{"id":123330,"href":"https:\/\/www.caririemacao.com\/1\/wp-json\/wp\/v2\/posts\/123328\/revisions\/123330"}],"wp:featuredmedia":[{"embeddable":true,"href":"https:\/\/www.caririemacao.com\/1\/wp-json\/wp\/v2\/media\/123329"}],"wp:attachment":[{"href":"https:\/\/www.caririemacao.com\/1\/wp-json\/wp\/v2\/media?parent=123328"}],"wp:term":[{"taxonomy":"category","embeddable":true,"href":"https:\/\/www.caririemacao.com\/1\/wp-json\/wp\/v2\/categories?post=123328"},{"taxonomy":"post_tag","embeddable":true,"href":"https:\/\/www.caririemacao.com\/1\/wp-json\/wp\/v2\/tags?post=123328"}],"curies":[{"name":"wp","href":"https:\/\/api.w.org\/{rel}","templated":true}]}}