{"id":123342,"date":"2019-10-04T08:26:48","date_gmt":"2019-10-04T11:26:48","guid":{"rendered":"http:\/\/www.caririemacao.com\/1\/?p=123342"},"modified":"2019-10-04T08:26:48","modified_gmt":"2019-10-04T11:26:48","slug":"brasil-e-argentina-assinam-acordo-de-livre-comercio-automotivo","status":"publish","type":"post","link":"https:\/\/www.caririemacao.com\/1\/2019\/10\/04\/brasil-e-argentina-assinam-acordo-de-livre-comercio-automotivo\/","title":{"rendered":"Brasil e Argentina assinam acordo de livre com\u00e9rcio automotivo"},"content":{"rendered":"\n<p>Brasil e Argentina assinaram nesta quinta-feira (3), em Montevid\u00e9u, o acordo comercial para o setor automotivo. O tratado prev\u00ea o livre com\u00e9rcio de bens automotivos, a partir de 1\u00ba de julho de 2029, sem quaisquer condicionalidades. At\u00e9 que se atinja o livre com\u00e9rcio em definitivo, o pacto prev\u00ea aumentos graduais, com efeitos imediatos, dos volumes intercambiados sem a cobran\u00e7a de tarifas.&nbsp;<\/p>\n\n\n\n<p>A&nbsp;<a href=\"http:\/\/agenciabrasil.ebc.com.br\/economia\/noticia\/2019-09\/brasil-e-argentina-assinam-acordo-automotivo-no-ambito-do-mercosul\" target=\"_blank\" rel=\"noreferrer noopener\">negocia\u00e7\u00e3o foi conclu\u00edda&nbsp;<\/a>no dia 6 de setembro, no Rio de Janeiro, pelos Ministros da Economia do Brasil, Paulo Guedes, e da Produ\u00e7\u00e3o e Trabalho da Argentina, Dante Sica e agora firmado pelos diplomatas dos dois pa\u00edses.<\/p>\n\n\n\n<p>Os acordos anteriores entre Brasil e Argentina para o setor automotivo vinham sendo renovados periodicamente. O novo texto, no entanto, tem validade indeterminada.&nbsp;<\/p>\n\n\n\n<p>Os produtos automotivos correspondem \u00e0 metade do com\u00e9rcio de bens entre os dois pa\u00edses. Em 2018, as exporta\u00e7\u00f5es brasileiras desse setor para a Argentina chegaram a US$ 7,5 bilh\u00f5es.&nbsp;<\/p>\n\n\n\n<p>Em nota conjunta, os Minist\u00e9rios da Economia e das Rela\u00e7\u00f5es Exteriores informaram que o acordo traz seguran\u00e7a jur\u00eddica e previsibilidade de investimentos para importante parcela da ind\u00fastria nacional. Segundo as duas pastas, o tratado tamb\u00e9m facilitar\u00e1 a adequa\u00e7\u00e3o do setor automotivo \u00e0 uni\u00e3o aduaneira do Mercosul, onde os demais produtos circulam sem tarifas e s\u00e3o exportados para fora do bloco com tarifas externas comuns.&nbsp;<\/p>\n","protected":false},"excerpt":{"rendered":"<p>Brasil e Argentina assinaram nesta quinta-feira (3), em Montevid\u00e9u, o acordo comercial para o setor automotivo. O tratado prev\u00ea o livre com\u00e9rcio de bens automotivos,&hellip; <\/p>\n","protected":false},"author":1,"featured_media":123343,"comment_status":"closed","ping_status":"closed","sticky":false,"template":"","format":"standard","meta":{"sfsi_plus_gutenberg_text_before_share":"","sfsi_plus_gutenberg_show_text_before_share":"","sfsi_plus_gutenberg_icon_type":"","sfsi_plus_gutenberg_icon_alignemt":"","sfsi_plus_gutenburg_max_per_row":"","footnotes":""},"categories":[2],"tags":[],"class_list":["post-123342","post","type-post","status-publish","format-standard","has-post-thumbnail","hentry","category-geral"],"_links":{"self":[{"href":"https:\/\/www.caririemacao.com\/1\/wp-json\/wp\/v2\/posts\/123342","targetHints":{"allow":["GET"]}}],"collection":[{"href":"https:\/\/www.caririemacao.com\/1\/wp-json\/wp\/v2\/posts"}],"about":[{"href":"https:\/\/www.caririemacao.com\/1\/wp-json\/wp\/v2\/types\/post"}],"author":[{"embeddable":true,"href":"https:\/\/www.caririemacao.com\/1\/wp-json\/wp\/v2\/users\/1"}],"replies":[{"embeddable":true,"href":"https:\/\/www.caririemacao.com\/1\/wp-json\/wp\/v2\/comments?post=123342"}],"version-history":[{"count":1,"href":"https:\/\/www.caririemacao.com\/1\/wp-json\/wp\/v2\/posts\/123342\/revisions"}],"predecessor-version":[{"id":123344,"href":"https:\/\/www.caririemacao.com\/1\/wp-json\/wp\/v2\/posts\/123342\/revisions\/123344"}],"wp:featuredmedia":[{"embeddable":true,"href":"https:\/\/www.caririemacao.com\/1\/wp-json\/wp\/v2\/media\/123343"}],"wp:attachment":[{"href":"https:\/\/www.caririemacao.com\/1\/wp-json\/wp\/v2\/media?parent=123342"}],"wp:term":[{"taxonomy":"category","embeddable":true,"href":"https:\/\/www.caririemacao.com\/1\/wp-json\/wp\/v2\/categories?post=123342"},{"taxonomy":"post_tag","embeddable":true,"href":"https:\/\/www.caririemacao.com\/1\/wp-json\/wp\/v2\/tags?post=123342"}],"curies":[{"name":"wp","href":"https:\/\/api.w.org\/{rel}","templated":true}]}}