{"id":123350,"date":"2019-10-04T08:29:13","date_gmt":"2019-10-04T11:29:13","guid":{"rendered":"http:\/\/www.caririemacao.com\/1\/?p=123350"},"modified":"2019-10-04T08:29:13","modified_gmt":"2019-10-04T11:29:13","slug":"hong-kong-pode-proibir-uso-de-mascaras-em-manifestacoes","status":"publish","type":"post","link":"https:\/\/www.caririemacao.com\/1\/2019\/10\/04\/hong-kong-pode-proibir-uso-de-mascaras-em-manifestacoes\/","title":{"rendered":"Hong Kong pode proibir uso de m\u00e1scaras em manifesta\u00e7\u00f5es"},"content":{"rendered":"\n<p>A m\u00eddia de Hong Kong disse que o governo decidiu recorrer a for\u00e7as de emerg\u00eancia para tentar&nbsp; conter protestos.<\/p>\n\n\n\n<p>O an\u00fancio foi feito ap\u00f3s uma reuni\u00e3o do painel de consultoria nesta sexta-feira (4).<\/p>\n\n\n\n<p>A Lei de Regulamenta\u00e7\u00e3o de Emerg\u00eancia permite que a chefe do Executivo, Carrie Lam, fa\u00e7a os regulamentos sem a aprova\u00e7\u00e3o do Conselho Legislativo.<\/p>\n\n\n\n<p>Muitos manifestantes contra o governo usam m\u00e1scaras e \u00f3culos para se protegerem do g\u00e1s lacrimog\u00eanio e ocultar identidades.<\/p>\n\n\n\n<p>Legisladores a favor de Pequim exortam o governo a proibir o uso de m\u00e1scaras, dizendo que elas incentivam os manifestantes a tomarem a\u00e7\u00f5es extremas.<\/p>\n\n\n\n<p>\u00c9 a primeira vez que \u00e9 utilizada a Lei de Regulamenta\u00e7\u00e3o de Emerg\u00eancia desde 1967, ou seja, 30 anos depois da devolu\u00e7\u00e3o do territ\u00f3rio &#8211; que estava sob o controle brit\u00e2nico &#8211; \u00e0 China.<\/p>\n","protected":false},"excerpt":{"rendered":"<p>A m\u00eddia de Hong Kong disse que o governo decidiu recorrer a for\u00e7as de emerg\u00eancia para tentar&nbsp; conter protestos. O an\u00fancio foi feito ap\u00f3s uma&hellip; <\/p>\n","protected":false},"author":1,"featured_media":123351,"comment_status":"closed","ping_status":"closed","sticky":false,"template":"","format":"standard","meta":{"sfsi_plus_gutenberg_text_before_share":"","sfsi_plus_gutenberg_show_text_before_share":"","sfsi_plus_gutenberg_icon_type":"","sfsi_plus_gutenberg_icon_alignemt":"","sfsi_plus_gutenburg_max_per_row":"","footnotes":""},"categories":[2],"tags":[],"class_list":["post-123350","post","type-post","status-publish","format-standard","has-post-thumbnail","hentry","category-geral"],"_links":{"self":[{"href":"https:\/\/www.caririemacao.com\/1\/wp-json\/wp\/v2\/posts\/123350","targetHints":{"allow":["GET"]}}],"collection":[{"href":"https:\/\/www.caririemacao.com\/1\/wp-json\/wp\/v2\/posts"}],"about":[{"href":"https:\/\/www.caririemacao.com\/1\/wp-json\/wp\/v2\/types\/post"}],"author":[{"embeddable":true,"href":"https:\/\/www.caririemacao.com\/1\/wp-json\/wp\/v2\/users\/1"}],"replies":[{"embeddable":true,"href":"https:\/\/www.caririemacao.com\/1\/wp-json\/wp\/v2\/comments?post=123350"}],"version-history":[{"count":1,"href":"https:\/\/www.caririemacao.com\/1\/wp-json\/wp\/v2\/posts\/123350\/revisions"}],"predecessor-version":[{"id":123352,"href":"https:\/\/www.caririemacao.com\/1\/wp-json\/wp\/v2\/posts\/123350\/revisions\/123352"}],"wp:featuredmedia":[{"embeddable":true,"href":"https:\/\/www.caririemacao.com\/1\/wp-json\/wp\/v2\/media\/123351"}],"wp:attachment":[{"href":"https:\/\/www.caririemacao.com\/1\/wp-json\/wp\/v2\/media?parent=123350"}],"wp:term":[{"taxonomy":"category","embeddable":true,"href":"https:\/\/www.caririemacao.com\/1\/wp-json\/wp\/v2\/categories?post=123350"},{"taxonomy":"post_tag","embeddable":true,"href":"https:\/\/www.caririemacao.com\/1\/wp-json\/wp\/v2\/tags?post=123350"}],"curies":[{"name":"wp","href":"https:\/\/api.w.org\/{rel}","templated":true}]}}