{"id":123357,"date":"2019-10-04T08:32:03","date_gmt":"2019-10-04T11:32:03","guid":{"rendered":"http:\/\/www.caririemacao.com\/1\/?p=123357"},"modified":"2019-10-04T08:32:03","modified_gmt":"2019-10-04T11:32:03","slug":"programa-crianca-feliz-tera-orcamento-de-r-800-milhoes-diz-ministro","status":"publish","type":"post","link":"https:\/\/www.caririemacao.com\/1\/2019\/10\/04\/programa-crianca-feliz-tera-orcamento-de-r-800-milhoes-diz-ministro\/","title":{"rendered":"Programa Crian\u00e7a Feliz ter\u00e1 or\u00e7amento de R$ 800 milh\u00f5es, diz ministro"},"content":{"rendered":"\n<p><br>O or\u00e7amento do governo federal para o programa Crian\u00e7a Feliz, que atende em domic\u00edlio fam\u00edlias com crian\u00e7as na primeira idade, dever\u00e1 passar dos atuais R$ 350 milh\u00f5es anuais para cerca de R$ 700 milh\u00f5es a R$ 800 milh\u00f5es em 2020. De acordo com o ministro da Cidadania, Osmar Terra, o or\u00e7amento anual do programa dever\u00e1 chegar a R$ 2,5 bilh\u00f5es at\u00e9 o final da atual gest\u00e3o federal.<\/p>\n\n\n\n<p>\u201cSe fizer o custo por crian\u00e7a, ele \u00e9 um programa que sai razoavelmente barato, em torno de R$ 300, R$ 400 por crian\u00e7a por ano. \u00c9 claro que ele n\u00e3o \u00e9 feito para substituir a creche, a creche tem que existir. Mas se considerar o pre\u00e7o de uma crian\u00e7a na creche e o pre\u00e7o de uma no Crian\u00e7a Feliz, \u00e9 uma diferen\u00e7a enorme, no m\u00ednimo dez vezes menos do que uma crian\u00e7a na creche\u201d, disse o ministro.<\/p>\n\n\n\n<p>O programa Crian\u00e7a Feliz atende prioritariamente gestantes e crian\u00e7as de at\u00e9 3 anos benefici\u00e1rias do Programa Bolsa Fam\u00edlia, e crian\u00e7as de at\u00e9 6 anos benefici\u00e1rias do Benef\u00edcio de Presta\u00e7\u00e3o Continuada (BPC).<\/p>\n\n\n\n<h2 class=\"wp-block-heading\">Creches<\/h2>\n\n\n\n<p>O ministro disse que o governo federal est\u00e1 estudando fornecer uma esp\u00e9cie de \u201cvale creche\u201d para fam\u00edlias que n\u00e3o est\u00e3o conseguindo ser atendidas pelo poder p\u00fablico. \u201cEu sei que o ministro [da Educa\u00e7\u00e3o] Abraham [Weintraub] est\u00e1 pensando em dar emergencialmente um voucher creche para as m\u00e3es das fam\u00edlias mais pobres, para creche particular, para qualquer creche, que ela possa ter acesso r\u00e1pido, at\u00e9 equacionar essa quest\u00e3o\u201d, disse Terra.&nbsp;<\/p>\n\n\n\n<p>Terra disse que o problema para o fornecimento das creches n\u00e3o est\u00e1 na constru\u00e7\u00e3o, mas no custo de sua manuten\u00e7\u00e3o, arcado geralmente pelas prefeituras. &#8220;A manuten\u00e7\u00e3o de uma creche custa mais, em um ano, do que tudo que se gasta na constru\u00e7\u00e3o do equipamento\u201d, disse.<\/p>\n\n\n\n<h2 class=\"wp-block-heading\">Bolsa Fam\u00edlia<\/h2>\n\n\n\n<p>De acordo com o Osmar Terra, o Bolsa Fam\u00edlia est\u00e1 atualmente com cerca de 600 mil fam\u00edlias em fila de espera para entrar no programa. Segundo ele, o tempo \u00e9 de aproximadamente tr\u00eas meses. \u201cCom essa quest\u00e3o do contingenciamento, essa dificuldade toda da economia brasileira, n\u00f3s estamos espa\u00e7ando. Fam\u00edlias novas que entram podem levar dois meses, tr\u00eas meses. Est\u00e1 na faixa de tr\u00eas meses para come\u00e7ar a receber o programa\u201d, disse.&nbsp;<\/p>\n\n\n\n<p>O ministro avaliou que n\u00e3o \u00e9 uma fila muito grande e nem \u00e9 muita gente na fila. Ele disse que existe em torno de 600 mil a 700 mil fam\u00edlias, em um universo de 13,5 milh\u00f5es de fam\u00edlias atendidas pelo programa.<\/p>\n","protected":false},"excerpt":{"rendered":"<p>O or\u00e7amento do governo federal para o programa Crian\u00e7a Feliz, que atende em domic\u00edlio fam\u00edlias com crian\u00e7as na primeira idade, dever\u00e1 passar dos atuais R$&hellip; <\/p>\n","protected":false},"author":1,"featured_media":123358,"comment_status":"closed","ping_status":"closed","sticky":false,"template":"","format":"standard","meta":{"sfsi_plus_gutenberg_text_before_share":"","sfsi_plus_gutenberg_show_text_before_share":"","sfsi_plus_gutenberg_icon_type":"","sfsi_plus_gutenberg_icon_alignemt":"","sfsi_plus_gutenburg_max_per_row":"","footnotes":""},"categories":[11],"tags":[],"class_list":["post-123357","post","type-post","status-publish","format-standard","has-post-thumbnail","hentry","category-politica"],"_links":{"self":[{"href":"https:\/\/www.caririemacao.com\/1\/wp-json\/wp\/v2\/posts\/123357","targetHints":{"allow":["GET"]}}],"collection":[{"href":"https:\/\/www.caririemacao.com\/1\/wp-json\/wp\/v2\/posts"}],"about":[{"href":"https:\/\/www.caririemacao.com\/1\/wp-json\/wp\/v2\/types\/post"}],"author":[{"embeddable":true,"href":"https:\/\/www.caririemacao.com\/1\/wp-json\/wp\/v2\/users\/1"}],"replies":[{"embeddable":true,"href":"https:\/\/www.caririemacao.com\/1\/wp-json\/wp\/v2\/comments?post=123357"}],"version-history":[{"count":1,"href":"https:\/\/www.caririemacao.com\/1\/wp-json\/wp\/v2\/posts\/123357\/revisions"}],"predecessor-version":[{"id":123359,"href":"https:\/\/www.caririemacao.com\/1\/wp-json\/wp\/v2\/posts\/123357\/revisions\/123359"}],"wp:featuredmedia":[{"embeddable":true,"href":"https:\/\/www.caririemacao.com\/1\/wp-json\/wp\/v2\/media\/123358"}],"wp:attachment":[{"href":"https:\/\/www.caririemacao.com\/1\/wp-json\/wp\/v2\/media?parent=123357"}],"wp:term":[{"taxonomy":"category","embeddable":true,"href":"https:\/\/www.caririemacao.com\/1\/wp-json\/wp\/v2\/categories?post=123357"},{"taxonomy":"post_tag","embeddable":true,"href":"https:\/\/www.caririemacao.com\/1\/wp-json\/wp\/v2\/tags?post=123357"}],"curies":[{"name":"wp","href":"https:\/\/api.w.org\/{rel}","templated":true}]}}