{"id":123365,"date":"2019-10-04T10:56:53","date_gmt":"2019-10-04T13:56:53","guid":{"rendered":"http:\/\/www.caririemacao.com\/1\/?p=123365"},"modified":"2019-10-04T10:56:53","modified_gmt":"2019-10-04T13:56:53","slug":"suspeitos-abasteceram-moto-e-tomaram-agua-antes-de-anunciar-assalto-em-posto-de-combustiveis","status":"publish","type":"post","link":"https:\/\/www.caririemacao.com\/1\/2019\/10\/04\/suspeitos-abasteceram-moto-e-tomaram-agua-antes-de-anunciar-assalto-em-posto-de-combustiveis\/","title":{"rendered":"Suspeitos abasteceram moto e tomaram \u00e1gua antes de anunciar assalto em posto de combust\u00edveis"},"content":{"rendered":"\n<p>As c\u00e2meras de seguran\u00e7a instaladas no posto de combust\u00edvel registraram a a\u00e7\u00e3o de assaltantes na noite desta quinta-feira (03) na cidade de Paulista, no Sert\u00e3o do Estado. O caso foi registrado pouco antes das 20h.<\/p>\n\n\n\n<p>Dois homens em uma moto chegaram ao local e pediram que o frentista abastecesse o ve\u00edculo. O garupa ainda foi at\u00e9 o bebedouro e tomou \u00e1gua enquanto o tanque estava sendo cheio.<\/p>\n\n\n\n<p>Quando o abastecimento terminou, o garupa abordou o frentista e apontou uma arma para ele. Rendido, o frentista ainda foi revistado pelo suspeito.<\/p>\n\n\n\n<ul class=\"wp-block-list\"><li><a href=\"https:\/\/www.clickpb.com.br\/Policial\/dupla-assalta-posto-de-combustivel-e-durante-fuga-criminoso-e-baleado-por-policiais-na-paraiba-269109.html\">Dupla assalta posto de combust\u00edvel e durante fuga criminoso \u00e9 baleado por policiais na Para\u00edba<\/a><\/li><\/ul>\n\n\n\n<p>Ap\u00f3s conseguir o que queriam, os suspeitos fugiram do local. No entanto, durante a fuga, a Pol\u00edcia Militar localizou os suspeitos e trocou tiros com eles. Um dos homens foi baleado e ficou ferido.<\/p>\n\n\n\n<figure><iframe data-src=\"https:\/\/www.youtube.com\/embed\/ANcFk_vaSS0\" allowfullscreen=\"\" width=\"723\" height=\"409\" src=\"data:image\/svg+xml;base64,PHN2ZyB3aWR0aD0iMSIgaGVpZ2h0PSIxIiB4bWxucz0iaHR0cDovL3d3dy53My5vcmcvMjAwMC9zdmciPjwvc3ZnPg==\" class=\"lazyload\" data-load-mode=\"1\"><\/iframe><\/figure>\n\n\n\n<p>Um dos acusados, de 22 anos de idade, foi preso em flagrante com o dinheiro que havia sido levado do estabelecimento, bem como a arma usada durante o roubo.<\/p>\n\n\n\n<p>O comparsa dele fugiu, mas j\u00e1 foi identificado. O garupa, que foi preso, chegou a atirar duas vezes contra uma das viaturas e acabou sendo atingido pela rea\u00e7\u00e3o policial.<\/p>\n\n\n\n<p>A arma apreendida com o preso estava com seis muni\u00e7\u00f5es &#8211; duas deflagradas (que foram as usadas contra os policiais) e quatro intactas. Ele foi levado para receber atendimento no Hospital Regional de Sousa e ser\u00e1 apresentado na delegacia de Pol\u00edcia Civil, assim que receber alta.<\/p>\n\n\n\n<figure class=\"wp-block-image\"><img decoding=\"async\" data-src=\"https:\/\/www.clickpb.com.br\/media\/filer_public\/81\/5a\/815a1ab9-3390-436f-9e4f-108a93c68b5a\/posto_de_combustivel_-_paulista.png\" alt=\"\" src=\"data:image\/svg+xml;base64,PHN2ZyB3aWR0aD0iMSIgaGVpZ2h0PSIxIiB4bWxucz0iaHR0cDovL3d3dy53My5vcmcvMjAwMC9zdmciPjwvc3ZnPg==\" class=\"lazyload\" \/><\/figure>\n","protected":false},"excerpt":{"rendered":"<p>As c\u00e2meras de seguran\u00e7a instaladas no posto de combust\u00edvel registraram a a\u00e7\u00e3o de assaltantes na noite desta quinta-feira (03) na cidade de Paulista, no Sert\u00e3o&hellip; <\/p>\n","protected":false},"author":1,"featured_media":123366,"comment_status":"closed","ping_status":"closed","sticky":false,"template":"","format":"standard","meta":{"sfsi_plus_gutenberg_text_before_share":"","sfsi_plus_gutenberg_show_text_before_share":"","sfsi_plus_gutenberg_icon_type":"","sfsi_plus_gutenberg_icon_alignemt":"","sfsi_plus_gutenburg_max_per_row":"","footnotes":""},"categories":[12],"tags":[],"class_list":["post-123365","post","type-post","status-publish","format-standard","has-post-thumbnail","hentry","category-policia"],"_links":{"self":[{"href":"https:\/\/www.caririemacao.com\/1\/wp-json\/wp\/v2\/posts\/123365","targetHints":{"allow":["GET"]}}],"collection":[{"href":"https:\/\/www.caririemacao.com\/1\/wp-json\/wp\/v2\/posts"}],"about":[{"href":"https:\/\/www.caririemacao.com\/1\/wp-json\/wp\/v2\/types\/post"}],"author":[{"embeddable":true,"href":"https:\/\/www.caririemacao.com\/1\/wp-json\/wp\/v2\/users\/1"}],"replies":[{"embeddable":true,"href":"https:\/\/www.caririemacao.com\/1\/wp-json\/wp\/v2\/comments?post=123365"}],"version-history":[{"count":1,"href":"https:\/\/www.caririemacao.com\/1\/wp-json\/wp\/v2\/posts\/123365\/revisions"}],"predecessor-version":[{"id":123367,"href":"https:\/\/www.caririemacao.com\/1\/wp-json\/wp\/v2\/posts\/123365\/revisions\/123367"}],"wp:featuredmedia":[{"embeddable":true,"href":"https:\/\/www.caririemacao.com\/1\/wp-json\/wp\/v2\/media\/123366"}],"wp:attachment":[{"href":"https:\/\/www.caririemacao.com\/1\/wp-json\/wp\/v2\/media?parent=123365"}],"wp:term":[{"taxonomy":"category","embeddable":true,"href":"https:\/\/www.caririemacao.com\/1\/wp-json\/wp\/v2\/categories?post=123365"},{"taxonomy":"post_tag","embeddable":true,"href":"https:\/\/www.caririemacao.com\/1\/wp-json\/wp\/v2\/tags?post=123365"}],"curies":[{"name":"wp","href":"https:\/\/api.w.org\/{rel}","templated":true}]}}