{"id":123382,"date":"2019-10-04T11:07:17","date_gmt":"2019-10-04T14:07:17","guid":{"rendered":"http:\/\/www.caririemacao.com\/1\/?p=123382"},"modified":"2019-10-04T11:07:17","modified_gmt":"2019-10-04T14:07:17","slug":"ricos-gastam-mais-com-refeicao-fora-de-casa-do-que-no-domicilio-segundo-ibge","status":"publish","type":"post","link":"https:\/\/www.caririemacao.com\/1\/2019\/10\/04\/ricos-gastam-mais-com-refeicao-fora-de-casa-do-que-no-domicilio-segundo-ibge\/","title":{"rendered":"Ricos gastam mais com refei\u00e7\u00e3o fora de casa do que no domic\u00edlio, segundo IBGE"},"content":{"rendered":"\n<p>As fam\u00edlias que est\u00e3o no extrato de maior renda na POF (Pesquisa de Or\u00e7amento Familiar) 2017-2018, divulgada nesta sexta-feira (4) pelo IBGE, gastam mais com alimenta\u00e7\u00e3o fora de casa do que com refei\u00e7\u00f5es em seus domic\u00edlios.<\/p>\n\n\n\n<p>A compara\u00e7\u00e3o considera as classes extremas de rendimento mensal familiar. Aquele com os rendimentos mais baixos (at\u00e9 R$ 1 908,00) apresentaram propor\u00e7\u00e3o de 20,6% de despesa com alimenta\u00e7\u00e3o fora do domic\u00edlio e 79,4% em casa.<br><\/p>\n\n\n\n<p>Para as fam\u00edlias com rendimentos mais altos (acima de R$ 23 850,00), por sua vez, os gastos com alimenta\u00e7\u00e3o s\u00e3o divididos em 50,3% fora e 49,7% dentro do domic\u00edlio.<br>Segundo a pesquisa, a despesa m\u00e9dia com alimenta\u00e7\u00e3o entre as fam\u00edlias brasileiras \u00e9 de R$ 658,23. (14,2% do or\u00e7amento familiar).<\/p>\n\n\n\n<p>Para as fam\u00edlias mais ricas, o valor (R$ 2.061,34) \u00e9 mais que o triplo da m\u00e9dia mensal do pa\u00eds e mais de seis vezes o valor da classe com rendimentos mais baixos (R$ 328,74).<\/p>\n\n\n\n<p>Considerando a alimenta\u00e7\u00e3o fora do domic\u00edlio, os mais ricos gastam em m\u00e9dia R$ 1.035,86 no m\u00eas, e os mais pobres, R$ 67,69.<\/p>\n\n\n\n<p>Ainda em rela\u00e7\u00e3o ao tipo de alimento, a POF mostra que, na alimenta\u00e7\u00e3o em casa, caiu a fatia do or\u00e7amento dedicada a cereais leguminosas e oleaginosas (como arroz e feij\u00e3o). Tamb\u00e9m recuou o consumo de farinhas, f\u00e9culas e massas e de carnes e pescados. Houve ainda redu\u00e7\u00e3o no consumo de a\u00e7\u00facares e \u00f3leos e gorduras.<\/p>\n\n\n\n<p>Por outro lado, cresceu o de bebidas e infus\u00f5es e alimentos preparados, em um sinal de que o brasileiro pode estar comendo pior. Mas tamb\u00e9m cresceu o consumo de frutas, legumes, verduras, aves e ovos.<\/p>\n","protected":false},"excerpt":{"rendered":"<p>As fam\u00edlias que est\u00e3o no extrato de maior renda na POF (Pesquisa de Or\u00e7amento Familiar) 2017-2018, divulgada nesta sexta-feira (4) pelo IBGE, gastam mais com&hellip; <\/p>\n","protected":false},"author":1,"featured_media":123383,"comment_status":"closed","ping_status":"closed","sticky":false,"template":"","format":"standard","meta":{"sfsi_plus_gutenberg_text_before_share":"","sfsi_plus_gutenberg_show_text_before_share":"","sfsi_plus_gutenberg_icon_type":"","sfsi_plus_gutenberg_icon_alignemt":"","sfsi_plus_gutenburg_max_per_row":"","footnotes":""},"categories":[2],"tags":[],"class_list":["post-123382","post","type-post","status-publish","format-standard","has-post-thumbnail","hentry","category-geral"],"_links":{"self":[{"href":"https:\/\/www.caririemacao.com\/1\/wp-json\/wp\/v2\/posts\/123382","targetHints":{"allow":["GET"]}}],"collection":[{"href":"https:\/\/www.caririemacao.com\/1\/wp-json\/wp\/v2\/posts"}],"about":[{"href":"https:\/\/www.caririemacao.com\/1\/wp-json\/wp\/v2\/types\/post"}],"author":[{"embeddable":true,"href":"https:\/\/www.caririemacao.com\/1\/wp-json\/wp\/v2\/users\/1"}],"replies":[{"embeddable":true,"href":"https:\/\/www.caririemacao.com\/1\/wp-json\/wp\/v2\/comments?post=123382"}],"version-history":[{"count":1,"href":"https:\/\/www.caririemacao.com\/1\/wp-json\/wp\/v2\/posts\/123382\/revisions"}],"predecessor-version":[{"id":123384,"href":"https:\/\/www.caririemacao.com\/1\/wp-json\/wp\/v2\/posts\/123382\/revisions\/123384"}],"wp:featuredmedia":[{"embeddable":true,"href":"https:\/\/www.caririemacao.com\/1\/wp-json\/wp\/v2\/media\/123383"}],"wp:attachment":[{"href":"https:\/\/www.caririemacao.com\/1\/wp-json\/wp\/v2\/media?parent=123382"}],"wp:term":[{"taxonomy":"category","embeddable":true,"href":"https:\/\/www.caririemacao.com\/1\/wp-json\/wp\/v2\/categories?post=123382"},{"taxonomy":"post_tag","embeddable":true,"href":"https:\/\/www.caririemacao.com\/1\/wp-json\/wp\/v2\/tags?post=123382"}],"curies":[{"name":"wp","href":"https:\/\/api.w.org\/{rel}","templated":true}]}}